{"id":7318,"date":"2022-03-14T22:58:56","date_gmt":"2022-03-14T21:58:56","guid":{"rendered":"https:\/\/www.d-kart.de\/?p=7318"},"modified":"2022-03-15T20:34:29","modified_gmt":"2022-03-15T19:34:29","slug":"conference-debriefing-29-the-dma-inside-and-beyond","status":"publish","type":"post","link":"https:\/\/www.d-kart.de\/en\/blog\/2022\/03\/14\/conference-debriefing-29-the-dma-inside-and-beyond\/","title":{"rendered":"Conference Debriefing (29): The DMA, Inside and Beyond"},"content":{"rendered":"\n<figure class=\"wp-block-gallery has-nested-images columns-default is-cropped wp-block-gallery-1 is-layout-flex wp-block-gallery-is-layout-flex\"><\/figure>\n\n\n<p>\u00a0<\/p>\n<p><em>Trilogue negotiations at Brussels on the Digital Markets Act are coming to an end, or so we believe \u2013 a final compromise is expected at the end of this month. While waiting for words to dissect, scholars from France and Germany met in Aix-en-Provence to discuss \u201cThe DMA, Inside and Beyond\u201d. <strong>Rupprecht Podszun<\/strong>, who currently serves as a Visiting Professor at the largest law faculty of the French speaking world (that is l\u2019Universit\u00e9 Aix-Marseille) gives us the details in this Conference Debriefing interview.<\/em><\/p>\n<p><strong><u>Name of Event:<\/u><\/strong> \u201cThe DMA, Inside and Beyond \u2013 Symposium Digitization and Competition Law (II)\u201d. The II signalizes that there was a first edition, it was the Winter School 2021 in W\u00fcrzburg that Florian Heimann <a href=\"https:\/\/www.d-kart.de\/blog\/2021\/12\/16\/wuerzburg-winter-school-2021-debriefing\/\" target=\"_blank\" rel=\"noopener\">reported on here<\/a>.<\/p>\n<p><strong><u>Topic:<\/u><\/strong> The name speaks for itself, doesn\u2019t it?<\/p>\n<p><strong><u>Place &amp; Time:<\/u><\/strong> 7-9 March 2022, Aix-en-Provence. If this brings you the taste of Ros\u00e9 wine on your palate, the scent of lavender in your nose, the warm tickling of the sun on your skin and the sound of crickets chirping in your ears, you are just about right \u2013 with the wine. For the rest, please return in Spring or Summer!<\/p>\n<p><strong><u>Host:<\/u><\/strong> The Sympozium was hosted by the most generous professor David Bosco, a household name in French competition law and the director of the Centre de Droit \u00c9conomique at Aix. He invited scholars from France and Germany. Actually, he cooperates with professor Florian Bien from W\u00fcrzburg University whose immaculate French and his impressive knowledge of Aix are an asset. Bosco\/Bien were supported by the Universit\u00e9 franco-allemande\/Deutsch-Franz\u00f6sische Hochschule.<\/p>\n<figure id=\"attachment_7320\" aria-describedby=\"caption-attachment-7320\" style=\"width: 2355px\" class=\"wp-caption alignleft\"><img loading=\"lazy\" decoding=\"async\" class=\"wp-image-7320 size-full\" src=\"https:\/\/www.d-kart.de\/wp-content\/uploads\/2022\/03\/IMG_5607.jpg\" alt=\"\" width=\"2355\" height=\"1753\" srcset=\"https:\/\/www.d-kart.de\/wp-content\/uploads\/2022\/03\/IMG_5607.jpg 2355w, https:\/\/www.d-kart.de\/wp-content\/uploads\/2022\/03\/IMG_5607-300x223.jpg 300w, https:\/\/www.d-kart.de\/wp-content\/uploads\/2022\/03\/IMG_5607-1024x762.jpg 1024w, https:\/\/www.d-kart.de\/wp-content\/uploads\/2022\/03\/IMG_5607-768x572.jpg 768w, https:\/\/www.d-kart.de\/wp-content\/uploads\/2022\/03\/IMG_5607-600x447.jpg 600w, https:\/\/www.d-kart.de\/wp-content\/uploads\/2022\/03\/IMG_5607-1536x1143.jpg 1536w, https:\/\/www.d-kart.de\/wp-content\/uploads\/2022\/03\/IMG_5607-2048x1524.jpg 2048w, https:\/\/www.d-kart.de\/wp-content\/uploads\/2022\/03\/IMG_5607-440x328.jpg 440w, https:\/\/www.d-kart.de\/wp-content\/uploads\/2022\/03\/IMG_5607-363x270.jpg 363w, https:\/\/www.d-kart.de\/wp-content\/uploads\/2022\/03\/IMG_5607-1320x983.jpg 1320w\" sizes=\"auto, (max-width: 2355px) 100vw, 2355px\" \/><figcaption id=\"caption-attachment-7320\" class=\"wp-caption-text\">Hosts Florian Bien (left) and David Bosco (right) opening the conference.<\/figcaption><\/figure>\n<p>\u00a0<\/p>\n<h3><strong>I take it that English is the lingua franca when French and German scholars meet?<\/strong><\/h3>\n<p>Bien s\u00fbr! Or at least, what everyone thinks sounds like English. But since there were no native speakers around no one felt bad about his or her language skills. And the menu in that Japanese restaurant that we went to was unintelligible to anyone anyhow unless, of course, you were trained in D\u00fcsseldorf\u2019s Immermannstra\u00dfe, that hot spot of Japanese food.<\/p>\n<h3><strong>Pardon?! The French took you to a Japanese restaurant in Aix-en-Provence?! Mon Dieu!<\/strong><\/h3>\n<p>C\u2019est pas un drame. Of course, David Bosco also took us to a decent three-courses-lunch avec des d\u00e9lices, but globalization is taking its toll. I overheard a French PhD student saying: \u201cYou should not leave Aix without having had a Pizza Capri!\u201d Oh, I forgot to mention Nathalie Nielson when speaking about language, she is a bi-lingual PhD student in economics from Nice University. She discussed the removal of the so-called free speech app \u201cParler\u201d from the app stores of Google and Apple and the cloud of Amazon\u2019s AWS which essentially meant the end of that Trump-supporting outlet.<\/p>\n<h3><strong>Not a big loss if you ask me.<\/strong><\/h3>\n<p>But a good example how Big Tech\u2019s private power may regulate competition and free speech at the same time. It was legendary Oliver Wendell Holmes jr., joined by the most fashionable Louis Brandeis, in a dissenting opinion in the case Abrams v. United States (250 U.S. 616 (1919)) who came up with the idea of a free \u201cmarketplace of ideas\u201d that Nathalie tries to revive.<\/p>\n<h3><strong>Brandeis, aha. The judge-turned-hero of \u201cprogressive antitrust\u201d, or, as the French would possibly say, \u201cle nouveau dirigisme\u201d!<\/strong><\/h3>\n<p>He also featured in an inspiring talk given by Fr\u00e9d\u00e9ric Marty who drew the great lines of history in regulating (quasi-)utilities \u2013 tracing the Digital Markets Act back to ideas born in the Glorious Revolution in England in 1688 or in American independence in the 18<sup>th<\/sup> century. The legacy of not granting monopoly or regulatory power to private companies is, according to Marty, an idea that is very much enshrined in a certain thread of history. Thomas Jefferson and Alexander Hamilton discussed regulation issues back in 1790, striking a famous compromise (as you may remember <a href=\"https:\/\/www.youtube.com\/watch?v=BQjGGrKRL8o\" target=\"_blank\" rel=\"noopener\">from that musical<\/a>). 150 years later, Thurman Arnold, the US trustbuster, published \u201cThe bottlenecks of business\u201d \u2013 \u201cwe speak of gatekeepers these days\u201d, as Marty observed. The DMA\u2019s ambition is nothing new.<\/p>\n<h3><strong>So, French scholars subscribe to regulation? The DMA is a pet project of the French presidency of the European Union anyway.<\/strong><\/h3>\n<p>Not so sure. Pierre Bentata, an economist from Aix-Marseille University (AMU) is very skeptical: He said that business users may be better off with the DMA, but that is not of concern for economists, since this is just wealth distribution. New ecosystems, so he thinks, will not be helped by the DMA, and the DMA may even decrease consumer welfare, for example through lower interoperability. Predictable adverse effects ahead, Bentata thinks.<\/p>\n<div id='gallery-1' class='gallery galleryid-7318 gallery-columns-3 gallery-size-thumbnail'><figure class='gallery-item'>\n\t\t\t<div class='gallery-icon portrait'>\n\t\t\t\t<a href='https:\/\/www.d-kart.de\/en\/blog\/2022\/03\/14\/conference-debriefing-29-the-dma-inside-and-beyond\/photo-08-03-22-09-27-27\/'><img loading=\"lazy\" decoding=\"async\" width=\"150\" height=\"150\" src=\"https:\/\/www.d-kart.de\/wp-content\/uploads\/2022\/03\/Photo-08.03.22-09-27-27-150x150.jpg\" class=\"attachment-thumbnail size-thumbnail\" alt=\"\" aria-describedby=\"gallery-1-7323\" srcset=\"https:\/\/www.d-kart.de\/wp-content\/uploads\/2022\/03\/Photo-08.03.22-09-27-27-150x150.jpg 150w, https:\/\/www.d-kart.de\/wp-content\/uploads\/2022\/03\/Photo-08.03.22-09-27-27-92x92.jpg 92w\" sizes=\"auto, (max-width: 150px) 100vw, 150px\" \/><\/a>\n\t\t\t<\/div>\n\t\t\t\t<figcaption class='wp-caption-text gallery-caption' id='gallery-1-7323'>\n\t\t\t\tPierre Bentata\n\t\t\t\t<\/figcaption><\/figure><figure class='gallery-item'>\n\t\t\t<div class='gallery-icon portrait'>\n\t\t\t\t<a href='https:\/\/www.d-kart.de\/en\/blog\/2022\/03\/14\/conference-debriefing-29-the-dma-inside-and-beyond\/whatsapp-image-2022-03-08-at-09-24-22\/'><img loading=\"lazy\" decoding=\"async\" width=\"150\" height=\"150\" src=\"https:\/\/www.d-kart.de\/wp-content\/uploads\/2022\/03\/WhatsApp-Image-2022-03-08-at-09.24.22-e1647294707735-150x150.jpeg\" class=\"attachment-thumbnail size-thumbnail\" alt=\"\" aria-describedby=\"gallery-1-7324\" srcset=\"https:\/\/www.d-kart.de\/wp-content\/uploads\/2022\/03\/WhatsApp-Image-2022-03-08-at-09.24.22-e1647294707735-150x150.jpeg 150w, https:\/\/www.d-kart.de\/wp-content\/uploads\/2022\/03\/WhatsApp-Image-2022-03-08-at-09.24.22-e1647294707735-92x92.jpeg 92w\" sizes=\"auto, (max-width: 150px) 100vw, 150px\" \/><\/a>\n\t\t\t<\/div>\n\t\t\t\t<figcaption class='wp-caption-text gallery-caption' id='gallery-1-7324'>\n\t\t\t\tOliver Budzinski\n\t\t\t\t<\/figcaption><\/figure><figure class='gallery-item'>\n\t\t\t<div class='gallery-icon landscape'>\n\t\t\t\t<a href='https:\/\/www.d-kart.de\/en\/blog\/2022\/03\/14\/conference-debriefing-29-the-dma-inside-and-beyond\/photo-07-03-22-14-59-52\/'><img loading=\"lazy\" decoding=\"async\" width=\"150\" height=\"150\" src=\"https:\/\/www.d-kart.de\/wp-content\/uploads\/2022\/03\/Photo-07.03.22-14-59-52-150x150.jpg\" class=\"attachment-thumbnail size-thumbnail\" alt=\"\" aria-describedby=\"gallery-1-7325\" srcset=\"https:\/\/www.d-kart.de\/wp-content\/uploads\/2022\/03\/Photo-07.03.22-14-59-52-150x150.jpg 150w, https:\/\/www.d-kart.de\/wp-content\/uploads\/2022\/03\/Photo-07.03.22-14-59-52-92x92.jpg 92w\" sizes=\"auto, (max-width: 150px) 100vw, 150px\" \/><\/a>\n\t\t\t<\/div>\n\t\t\t\t<figcaption class='wp-caption-text gallery-caption' id='gallery-1-7325'>\n\t\t\t\tEckart Bueren (with David Bosco)\n\t\t\t\t<\/figcaption><\/figure><figure class='gallery-item'>\n\t\t\t<div class='gallery-icon portrait'>\n\t\t\t\t<a href='https:\/\/www.d-kart.de\/en\/blog\/2022\/03\/14\/conference-debriefing-29-the-dma-inside-and-beyond\/photo-07-03-22-17-42-46\/'><img loading=\"lazy\" decoding=\"async\" width=\"150\" height=\"150\" src=\"https:\/\/www.d-kart.de\/wp-content\/uploads\/2022\/03\/Photo-07.03.22-17-42-46-scaled-e1647294756343-150x150.jpg\" class=\"attachment-thumbnail size-thumbnail\" alt=\"\" aria-describedby=\"gallery-1-7326\" srcset=\"https:\/\/www.d-kart.de\/wp-content\/uploads\/2022\/03\/Photo-07.03.22-17-42-46-scaled-e1647294756343-150x150.jpg 150w, https:\/\/www.d-kart.de\/wp-content\/uploads\/2022\/03\/Photo-07.03.22-17-42-46-scaled-e1647294756343-92x92.jpg 92w\" sizes=\"auto, (max-width: 150px) 100vw, 150px\" \/><\/a>\n\t\t\t<\/div>\n\t\t\t\t<figcaption class='wp-caption-text gallery-caption' id='gallery-1-7326'>\n\t\t\t\tMarc Moss\u00e9\n\t\t\t\t<\/figcaption><\/figure><figure class='gallery-item'>\n\t\t\t<div class='gallery-icon landscape'>\n\t\t\t\t<a href='https:\/\/www.d-kart.de\/en\/blog\/2022\/03\/14\/conference-debriefing-29-the-dma-inside-and-beyond\/photo-09-03-22-11-37-17\/'><img loading=\"lazy\" decoding=\"async\" width=\"150\" height=\"150\" src=\"https:\/\/www.d-kart.de\/wp-content\/uploads\/2022\/03\/Photo-09.03.22-11-37-17-150x150.jpg\" class=\"attachment-thumbnail size-thumbnail\" alt=\"\" aria-describedby=\"gallery-1-7327\" srcset=\"https:\/\/www.d-kart.de\/wp-content\/uploads\/2022\/03\/Photo-09.03.22-11-37-17-150x150.jpg 150w, https:\/\/www.d-kart.de\/wp-content\/uploads\/2022\/03\/Photo-09.03.22-11-37-17-92x92.jpg 92w\" sizes=\"auto, (max-width: 150px) 100vw, 150px\" \/><\/a>\n\t\t\t<\/div>\n\t\t\t\t<figcaption class='wp-caption-text gallery-caption' id='gallery-1-7327'>\n\t\t\t\tFr\u00e9d\u00e9ric Marty\n\t\t\t\t<\/figcaption><\/figure><figure class='gallery-item'>\n\t\t\t<div class='gallery-icon portrait'>\n\t\t\t\t<a href='https:\/\/www.d-kart.de\/en\/blog\/2022\/03\/14\/conference-debriefing-29-the-dma-inside-and-beyond\/photo-10-03-22-21-09-59\/'><img loading=\"lazy\" decoding=\"async\" width=\"150\" height=\"150\" src=\"https:\/\/www.d-kart.de\/wp-content\/uploads\/2022\/03\/Photo-10.03.22-21-09-59-150x150.jpg\" class=\"attachment-thumbnail size-thumbnail\" alt=\"\" aria-describedby=\"gallery-1-7328\" srcset=\"https:\/\/www.d-kart.de\/wp-content\/uploads\/2022\/03\/Photo-10.03.22-21-09-59-150x150.jpg 150w, https:\/\/www.d-kart.de\/wp-content\/uploads\/2022\/03\/Photo-10.03.22-21-09-59-92x92.jpg 92w\" sizes=\"auto, (max-width: 150px) 100vw, 150px\" \/><\/a>\n\t\t\t<\/div>\n\t\t\t\t<figcaption class='wp-caption-text gallery-caption' id='gallery-1-7328'>\n\t\t\t\tCDE Aix\n\t\t\t\t<\/figcaption><\/figure><figure class='gallery-item'>\n\t\t\t<div class='gallery-icon landscape'>\n\t\t\t\t<a href='https:\/\/www.d-kart.de\/en\/blog\/2022\/03\/14\/conference-debriefing-29-the-dma-inside-and-beyond\/photo-08-03-22-10-57-17\/'><img loading=\"lazy\" decoding=\"async\" width=\"150\" height=\"150\" src=\"https:\/\/www.d-kart.de\/wp-content\/uploads\/2022\/03\/Photo-08.03.22-10-57-17-150x150.jpg\" class=\"attachment-thumbnail size-thumbnail\" alt=\"\" aria-describedby=\"gallery-1-7329\" srcset=\"https:\/\/www.d-kart.de\/wp-content\/uploads\/2022\/03\/Photo-08.03.22-10-57-17-150x150.jpg 150w, https:\/\/www.d-kart.de\/wp-content\/uploads\/2022\/03\/Photo-08.03.22-10-57-17-92x92.jpg 92w\" sizes=\"auto, (max-width: 150px) 100vw, 150px\" \/><\/a>\n\t\t\t<\/div>\n\t\t\t\t<figcaption class='wp-caption-text gallery-caption' id='gallery-1-7329'>\n\t\t\t\tFlorian Bien\n\t\t\t\t<\/figcaption><\/figure><figure class='gallery-item'>\n\t\t\t<div class='gallery-icon portrait'>\n\t\t\t\t<a href='https:\/\/www.d-kart.de\/en\/blog\/2022\/03\/14\/conference-debriefing-29-the-dma-inside-and-beyond\/photo-09-03-22-09-33-05\/'><img loading=\"lazy\" decoding=\"async\" width=\"150\" height=\"150\" src=\"https:\/\/www.d-kart.de\/wp-content\/uploads\/2022\/03\/Photo-09.03.22-09-33-05-150x150.jpg\" class=\"attachment-thumbnail size-thumbnail\" alt=\"\" aria-describedby=\"gallery-1-7330\" srcset=\"https:\/\/www.d-kart.de\/wp-content\/uploads\/2022\/03\/Photo-09.03.22-09-33-05-150x150.jpg 150w, https:\/\/www.d-kart.de\/wp-content\/uploads\/2022\/03\/Photo-09.03.22-09-33-05-92x92.jpg 92w\" sizes=\"auto, (max-width: 150px) 100vw, 150px\" \/><\/a>\n\t\t\t<\/div>\n\t\t\t\t<figcaption class='wp-caption-text gallery-caption' id='gallery-1-7330'>\n\t\t\t\tThibault Schrepel\n\t\t\t\t<\/figcaption><\/figure>\n\t\t<\/div>\n\n<h3><strong>Phew. Time to start disliking the DMA? <\/strong><\/h3>\n<p>Depends on what you wish for. Oliver Budzinski of TU Ilmenau reminded us that the DMA is not a competition law or consumer welfare tool \u2013 it is about \u201ccontestability and fairness\u201d. Contestability, so he explained, is a well-established concept in economics that William Baumol wrote about. Budzinski explained it with \u201chit and run entry\u201d \u2013 and exit. In the theory of contestable market, potential competition suffices to get things right, so it is \u2013 essentially \u2013 a theory that does not invite an active policing of markets. Yet, Budzinski also said that Baumol later re-interpreted his ideas, found that sunk costs were everywhere and that entry and exit were not as simple as thought before. Potential competition may be a tougher cookie than in the first models. So if Baumol was asked today, he would probably advocate an active competition policy. Well, Baumol died five years ago, he will not prove Budzinski wrong.<\/p>\n<h3><strong>Fair enough. And fairness?<\/strong><\/h3>\n<p>We have to wait. The Ilmenau project on this that Oliver pursues with Juliane Mendelsohn is still ongoing. They better come up with a good explanation soon since \u201cfairness\u201d needs some contouring in the DMA: Maya-Salom\u00e9 Garnier from AMU warned us that the DMA may run into rule-of-law trouble. She gave a powerful statement pointing at some weaknesses where she thinks that proportionality of fines may not be given, the margin of discretion may be too large for the enforcer, stability of rules may only work in the short term, not in the long run, when the Commission will rely more strongly on circumvention provisions and update tools in the DMA (and don\u2019t ask her about separation of powers when discussing the Commission\u2019s competences).<\/p>\n<h3><strong>So, the Court of Justice in Luxembourg will scrap the whole DMA?<\/strong><\/h3>\n<p>I don\u2019t see that for now, but some guidelines would be of help to reduce the risk. David Bosco, in his talk, went into a similar direction, stating that the notions of gatekeepers, undertakings, core platform services were not coherent in the DMA, not least with a view to <a href=\"https:\/\/www.d-kart.de\/en\/blog\/2021\/04\/26\/auf-und-absteigende-haftung-in-der-wirtschaftlichen-einheit-kinder-haften-fuer-ihre-eltern\/\" target=\"_blank\" rel=\"noopener\">the recent Sumal ruling of the Court<\/a>. His talk was a good reminder that we now turn from the more general discussions to the nitty-gritty details that will be of enormous relevance for implementation and compliance. Enough work on the desk for inhouse lawyers! Microsoft\u2019s Marc Moss\u00e9 who is an Associate Professor at AMU and a man of many talents, promised that the gatekeepers will <em>really<\/em> try to comply.<\/p>\n<h3><strong>I know that you love the enforcement aspects. Any news on this?<\/strong><\/h3>\n<p>Not from me, I spoke on data, but Florian Bien (Uni W\u00fcrzburg) and Rafael Amaro (Uni Caen &#8211; online) helped out. Co-host Florian Bien warned that the fragmentation of laws in the EU will not be stopped with the wording as it stands in the DMA. He suggested that the Commission amend Art. 3 of Regulation 1\/2003 in order to stop national agencies from interfering with DMA investigations. Rafael Amaro supports <a href=\"https:\/\/academic.oup.com\/jeclap\/advance-article-abstract\/doi\/10.1093\/jeclap\/lpab076\/6409070\" target=\"_blank\" rel=\"noopener\">\u2013 as I do \u2013<\/a> a strong private enforcement system for the DMA and is stunned that there was nothing on this in the Commission\u2019s draft. The competition law rules on private enforcement are out of reach (since, as we know, the DMA is not a piece of competition legislation). He outlined different models of private enforcement. In any case we are eager with anticipation when the <em>Landgericht Dortmund<\/em> takes the first infringement decision on Art. 5 DMA \u2013 possibly without a preliminary reference to the Court of Justice.<\/p>\n<h3><strong>I notice a certain gap in looking at the substantial provisions of the DMA. Anyone discussing this?<\/strong><\/h3>\n<p>Philipp Bongartz from my own research team is on it, and I tell you: You do not want to do the deep-dive into this stuff. Not that Philipp\u2019s presentation was boring, he masters the art of presenting!<\/p>\n<h3><strong>So, then what?<\/strong><\/h3>\n<p>Anti-steering clauses essentially prohibit to steer a customer away from someone, for example by communicating better offers to the customer. Spotify for instance is not allowed to inform Apple users about some good offer on its website. That is Philipp\u2019s interest, but it is not just an issue for the DMA. Competition law, the VBER, section 19a of the German Act, privacy rules, transparency obligations and the Consumer Rights Directive all play into this. Who the heck should keep abreast with all these rules? Well, Philipp, probably. But it is hard to see a coherent regulatory regime at play in the digital world.<\/p>\n<h3><strong>Relationship status: It\u2019s complicated!<\/strong><\/h3>\n<p>You name it. And Thibault Schrepel will deliver the theory for this. In his unique style of beautiful presentations he offered <a href=\"https:\/\/papers.ssrn.com\/sol3\/papers.cfm?abstract_id=4050536\" target=\"_blank\" rel=\"noopener\">a look into a paper<\/a>, co-authored with Nicolas Petit, on the need of antitrust law to use complexity science as a method. There is some Charles Darwin in this (which I like), some criticism of economics (which the economists in the room dismissed), and it comes down to more data use, more computing, more ex-post-analysis in antitrust \u2013 an agenda, that is probably less controversial than some of the arguments in the build-up to this.<\/p>\n<h3><strong>You talked about data, right?<\/strong><\/h3>\n<p>Eckart Bueren, professor at the University of G\u00f6ttingen, and I both did. We see the EU Data Act as the next big thing, once we have cooled down from the DMA. You may remember the <a href=\"https:\/\/www.d-kart.de\/en\/blog\/2022\/02\/08\/datenzugang-fuer-dienstleister\/\" target=\"_blank\" rel=\"noopener\">conference in D\u00fcsseldorf<\/a> we had on this, including the heated debate on data in the automotive sector. Now, there is the Commission\u2019s draft for rules on access to data. This will not meet with unison acclaim like the DMA, I guess. The DMA, in Parliament and Council, profited from that clear line against the GAFAMs \u2013 no big harm in sight for stakeholders in your constituency. \u00a0In the EU Data Act, powerful interests of European firms are at stake, the battle will be harder.<\/p>\n<h3><strong>You still speak of GAFAM despite of Alphabet and Meta?<\/strong><\/h3>\n<p>Indeed! MAMAA has not gained any ground in this conference!<\/p>\n<h3><strong>Speaking of M: What did Marc Moss\u00e9 talk about?<\/strong><\/h3>\n<figure id=\"attachment_7331\" aria-describedby=\"caption-attachment-7331\" style=\"width: 2560px\" class=\"wp-caption alignleft\"><img loading=\"lazy\" decoding=\"async\" class=\"wp-image-7331 size-full\" src=\"https:\/\/www.d-kart.de\/wp-content\/uploads\/2022\/03\/IMG_4939-scaled.jpg\" alt=\"\" width=\"2560\" height=\"2560\" srcset=\"https:\/\/www.d-kart.de\/wp-content\/uploads\/2022\/03\/IMG_4939-scaled.jpg 2560w, https:\/\/www.d-kart.de\/wp-content\/uploads\/2022\/03\/IMG_4939-300x300.jpg 300w, https:\/\/www.d-kart.de\/wp-content\/uploads\/2022\/03\/IMG_4939-1024x1024.jpg 1024w, https:\/\/www.d-kart.de\/wp-content\/uploads\/2022\/03\/IMG_4939-150x150.jpg 150w, https:\/\/www.d-kart.de\/wp-content\/uploads\/2022\/03\/IMG_4939-768x768.jpg 768w, https:\/\/www.d-kart.de\/wp-content\/uploads\/2022\/03\/IMG_4939-600x600.jpg 600w, https:\/\/www.d-kart.de\/wp-content\/uploads\/2022\/03\/IMG_4939-1536x1536.jpg 1536w, https:\/\/www.d-kart.de\/wp-content\/uploads\/2022\/03\/IMG_4939-2048x2048.jpg 2048w, https:\/\/www.d-kart.de\/wp-content\/uploads\/2022\/03\/IMG_4939-92x92.jpg 92w, https:\/\/www.d-kart.de\/wp-content\/uploads\/2022\/03\/IMG_4939-440x440.jpg 440w, https:\/\/www.d-kart.de\/wp-content\/uploads\/2022\/03\/IMG_4939-270x270.jpg 270w, https:\/\/www.d-kart.de\/wp-content\/uploads\/2022\/03\/IMG_4939-1320x1320.jpg 1320w\" sizes=\"auto, (max-width: 2560px) 100vw, 2560px\" \/><figcaption id=\"caption-attachment-7331\" class=\"wp-caption-text\">Interesting presentations by great scholars: Maya-Salom\u00e9 Garnier, In\u00e8s Guittard, Marie Cartapanis, Philipp Bongartz and Lylian Denis (from lower left spiralling to centre).<\/figcaption><\/figure>\n<p>His was an interesting submission on the big M-topic. But let me first rush you through the rest of the programme: Marie Cartapanis, Ma\u00eetre de conf\u00e9rences at Aix-Marseille Universit\u00e9, discussed attention markets in digital ecosystems \u2013 you know we are still trying to get the market definition right. Lylian Denis discussed the remedies <a href=\"https:\/\/competition-forum.com\/new-chapter-in-the-google-shopping-saga\/\" target=\"_blank\" rel=\"noopener\">in Google Shopping<\/a>. In\u00e8s Guittard talked about gaps in merger control \u2013 and how the Commission tries to close them with <a href=\"https:\/\/www.d-kart.de\/en\/blog\/2021\/04\/12\/one-ring-to-rule-them-all\/\" target=\"_blank\" rel=\"noopener\">its Article 22-interpretation<\/a>. The latter two PhD-candidates Aixoises were complemented by post-doc Bj\u00f6rn Becker from W\u00fcrzburg (online) who presented section 39a of the German Competition Act in the context of killer acquisitions \u2013 39a does not help in this regard, as he rightly stated. One innovation struck me after the talks by In\u00e8s and Bj\u00f6rn.<\/p>\n<h3><strong>Dis-donc, I mean, disclose it, please!<\/strong><\/h3>\n<p>Moderator Florian Bien made a \u201cflash-round\u201d and forced the younger participants to utter their thoughts on the merger control talks. And, hear, hear, they all had meaningful statements to make!<\/p>\n<h3><strong>Come on, what did you expect?<\/strong><\/h3>\n<p>Not much, to be frank, they had been silent most of the time which meant that Thibault Schrepel, Oliver Budzinski and I played the wisenheimers all the time. Thibault and Oliver are a great conference couple, by the way, they always have very interesting ideas on talks, and usually opposing ones!<\/p>\n<h3><strong>Will invite them next time, I organize something. If only the conference circuit was in full bloom again!<\/strong><\/h3>\n<p>It will never be <a href=\"https:\/\/www.youtube.com\/watch?v=fC6YV65JJ6g\" target=\"_blank\" rel=\"noopener\">the same<\/a>. The good thing is: It does not even need to be the same since we soon meet with our avatars on Barbados to hold a competition conference \u2013 in the Metaverse, of course!<\/p>\n<h3><strong>That\u2019s the big M of Marc Moss\u00e9\u2019s talk?<\/strong><\/h3>\n<p>Absolutely. It seems that the Metaverse fires up the imagination, even though there are not too many people who can explain what exactly that is, whether it already exists and why we should all go there. At least for some, Marc Zuckerberg\u2019s introduction video (<a href=\"https:\/\/www.youtube.com\/watch?v=fC6YV65JJ6g\" target=\"_blank\" rel=\"noopener\">short version here<\/a>) was either boring or gruesome, but, hey, who am I to judge \u2013 D\u2019Kart does not even run a TikTok-account. The point Moss\u00e9 made was interesting nonetheless: The whole point of the Metaverse is to integrate ever more products and services and persons and places into a merged universe of virtual and real. This means more personalization, more data, more power to some. If we think, the digital gatekeepers are a problem these days, we may wonder what the Metaverse will be.<\/p>\n<h3><strong>Oh l\u00e0 l\u00e0! Don\u2019t know what to make out of that&#8230;<\/strong><\/h3>\n<p>Keep calm, \u00e7a va. Two days after the end of the conference, <em>Le Monde<\/em>, the French daily, ran an article on the positions of Macron and his contenders for the French presidency vis-\u00e0-vis \u201cle num\u00e9rique\u201d (which is French for \u201cdigital\u201d). The presidential candidates in essence all agree on the DMA, and Macron in particular places this in the context of his project of \u201csouverainet\u00e9 europ\u00e9enne\u201d. Yet, the article in that same issue of <em>Le Monde<\/em> on the defeat of Paris Saint-Germain in the Champions League was double the length of that piece on \u201cle num\u00e9rique\u201d. So, there are other things in real life that are even more important than our regulatory business or the Metaverse. <a href=\"https:\/\/www.youtube.com\/watch?v=syBD2jPOfLQ\" target=\"_blank\" rel=\"noopener\">Le foot<\/a>, for instance.<\/p>\n<h3><strong>And the food!<\/strong><\/h3>\n<p>Oh, it\u2019s time for the ap\u00e9ro. \u00c0 plus!<\/p>\n<p>\u00a0<\/p>\n<p><em>The author: Rupprecht Podszun holds the Chair for Civil Law, German and European Competition Law at Heinrich Heine University D\u00fcsseldorf. In February\/March 2022, he is a Visiting Professor at the Aix-Marseille Universit\u00e9. Later this month, he is Global Law Professor at KU Leuven. If you understand German, you may subscribe to his podcast with Justus Haucap \u201cBei Anruf Wettbewerb\u201d (available in all podcast apps). And don\u2019t forget to subscribe to the e-mail alerts on new postings <a href=\"https:\/\/www.d-kart.de\/newsletter\/\">on this blog \u2013 here<\/a>!<\/em><\/p>\n\n\n\n\n<figure class=\"wp-block-gallery has-nested-images columns-default is-cropped wp-block-gallery-2 is-layout-flex wp-block-gallery-is-layout-flex\"><\/figure>\n","protected":false},"excerpt":{"rendered":"<p>\u00a0 Trilogue negotiations at Brussels on the Digital Markets Act are coming to an end, or so we believe \u2013 a final compromise is expected at the end of this month. While waiting for words to dissect, scholars from France and Germany met in Aix-en-Provence to discuss \u201cThe DMA, Inside and Beyond\u201d. Rupprecht Podszun, who currently serves as a Visiting Professor at the largest law faculty of the French speaking world (that is l\u2019Universit\u00e9 Aix-Marseille) gives us the details in&#8230;<\/p>\n<p class=\"read-more\"><a class=\"btn btn-default\" href=\"https:\/\/www.d-kart.de\/en\/blog\/2022\/03\/14\/conference-debriefing-29-the-dma-inside-and-beyond\/\"> Read More<span class=\"screen-reader-text\">  Read More<\/span><\/a><\/p>\n","protected":false},"author":4,"featured_media":7319,"comment_status":"open","ping_status":"open","sticky":false,"template":"","format":"standard","meta":{"footnotes":""},"categories":[253],"tags":[262,354,263],"class_list":["post-7318","post","type-post","status-publish","format-standard","has-post-thumbnail","hentry","category-conference-debriefings","tag-digital","tag-dma","tag-frankreich"],"translation":{"provider":"WPGlobus","version":"3.0.0","language":"en","enabled_languages":["de","en"],"languages":{"de":{"title":true,"content":true,"excerpt":false},"en":{"title":false,"content":false,"excerpt":false}}},"_links":{"self":[{"href":"https:\/\/www.d-kart.de\/en\/wp-json\/wp\/v2\/posts\/7318","targetHints":{"allow":["GET"]}}],"collection":[{"href":"https:\/\/www.d-kart.de\/en\/wp-json\/wp\/v2\/posts"}],"about":[{"href":"https:\/\/www.d-kart.de\/en\/wp-json\/wp\/v2\/types\/post"}],"author":[{"embeddable":true,"href":"https:\/\/www.d-kart.de\/en\/wp-json\/wp\/v2\/users\/4"}],"replies":[{"embeddable":true,"href":"https:\/\/www.d-kart.de\/en\/wp-json\/wp\/v2\/comments?post=7318"}],"version-history":[{"count":7,"href":"https:\/\/www.d-kart.de\/en\/wp-json\/wp\/v2\/posts\/7318\/revisions"}],"predecessor-version":[{"id":7338,"href":"https:\/\/www.d-kart.de\/en\/wp-json\/wp\/v2\/posts\/7318\/revisions\/7338"}],"wp:featuredmedia":[{"embeddable":true,"href":"https:\/\/www.d-kart.de\/en\/wp-json\/wp\/v2\/media\/7319"}],"wp:attachment":[{"href":"https:\/\/www.d-kart.de\/en\/wp-json\/wp\/v2\/media?parent=7318"}],"wp:term":[{"taxonomy":"category","embeddable":true,"href":"https:\/\/www.d-kart.de\/en\/wp-json\/wp\/v2\/categories?post=7318"},{"taxonomy":"post_tag","embeddable":true,"href":"https:\/\/www.d-kart.de\/en\/wp-json\/wp\/v2\/tags?post=7318"}],"curies":[{"name":"wp","href":"https:\/\/api.w.org\/{rel}","templated":true}]}}