{"id":7082,"date":"2021-12-16T01:56:36","date_gmt":"2021-12-16T00:56:36","guid":{"rendered":"https:\/\/www.d-kart.de\/?p=7082"},"modified":"2021-12-16T12:53:47","modified_gmt":"2021-12-16T11:53:47","slug":"wuerzburg-winter-school-2021-debriefing","status":"publish","type":"post","link":"https:\/\/www.d-kart.de\/en\/blog\/2021\/12\/16\/wuerzburg-winter-school-2021-debriefing\/","title":{"rendered":"W\u00fcrzburg Winter School 2021 \u2013 Debriefing"},"content":{"rendered":"\n<p><em>Mit internationalem Flair gab es \u201edigitales Kartellrecht\u201c pur als Hauptgang und W\u00fcrzburger Wein als Nachspeise \u2013 Doktorand&nbsp;<strong>Florian Heimann<\/strong>&nbsp;erlebte bei der W\u00fcrzburger Winter School 2021 ein besonderes Doktorandenseminar.<\/em><\/p>\n\n\n\n<p><em>\u201eDo not read it all\u201c<\/em>.&nbsp;Ein Aufruf weniger zu lesen? Wann bekommt man als Nachwuchswissenschaftler schon einmal solch einen Tipp von einem Hochschullehrer? Dies war nur einer von vielen bemerkenswerten Aspekten eines au\u00dfergew\u00f6hnlichen Doktorandenseminars an der Universit\u00e4t W\u00fcrzburg. Dort empfingen Florian Bien und Toker Doganoglu ihre Kollegen David Bosco, Eckart Bueren, Fr\u00e9d\u00e9ric Marty und Rupprecht Podszun sowie eine Reihe von renommierten Kartellrechtspraktikern. Anlass war der viert\u00e4gige franz\u00f6sisch-deutsche Modul Course zu&nbsp;<em>\u201eDigitization and Competition Policy\u201c<\/em>, organisiert von den Universit\u00e4ten W\u00fcrzburg, Aix-Marseille und Nizza. Neunundzwanzig Doktorand:innen diskutierten \u00fcber die Frage, was an der Aufspaltung von GAFAM dran ist, welche Vorteile das Kartellamt in dem neuen \u00a7 19a GWB sieht und was die Kommission bei der Untersuchung des&nbsp;<em>\u201eInternet of Things\u201c<\/em> Entscheidendes herausfand. On top gab es W\u00fcrzburger Sehensw\u00fcrdigkeiten, guten Wein und<em>&nbsp;News<\/em>&nbsp;aus Luxemburg.<\/p>\n\n\n\n<p>Zum Programm:&nbsp;<a href=\"https:\/\/www.jura.uni-wuerzburg.de\/fileadmin\/02140600\/WS_21\/Sonstiges\/Franco-German_Winter_School_2021_-_program_2765_.pdf\" target=\"_blank\" rel=\"noreferrer noopener\">hier<\/a><\/p>\n\n\n\n<h2 class=\"wp-block-heading\"><strong>Tag 1: \u201eBreaking up\u201c GAFAM?<\/strong><\/h2>\n\n\n\n<p>Zum ersten Kennenlernen fand man sich zum gemeinsamen Fr\u00fchst\u00fcck zusammen. Immerhin sollte die W\u00fcrzburger Winter School auch dem interkulturellen Austausch zwischen deutschen und franz\u00f6sischen Doktorand:innen dienen. W\u00e4hrend der Filterkaffee leider (noch!) keine \u00dcberzeugungsarbeit leisten konnte, punktete neben dem fachlichen Austausch insbesondere das attraktive Rahmenprogramm in W\u00fcrzburg! Da gab es auch mal&nbsp;<em>\u201e12 Points for Germany from France\u201c<\/em>.&nbsp;<\/p>\n\n\n\n<hr class=\"wp-block-separator\"\/>\n\n\n\n<p><em>Der D&#8217;Kart Adventskalender 2021 &#8211; f\u00fcr alle, die beweisen wollen, dass sie wirklich Ahnung von Kartellrecht haben. <a href=\"https:\/\/www.d-kart.de\/adventskalender\/\" target=\"_blank\" rel=\"noreferrer noopener\">Hier ist der Link!<\/a><\/em><\/p>\n\n\n\n<hr class=\"wp-block-separator\"\/>\n\n\n\n<p>Schon bei der Einf\u00fchrung zeigte sich der interdisziplin\u00e4re Ansatz der Winter School: Florian Bien und Toker Doganoglu leiteten diese mit einem gemeinsamen Vortrag aus juristischer und \u00f6konomischer Perspektive zum Thema&nbsp;<em>\u201eWhy are digital markets different?\u201c<\/em>&nbsp;ein. Zur weiteren Einstimmung gab Habilitand Bj\u00f6rn Becker einen Kurz\u00fcberblick \u00fcber das wichtigste kartellrechtliche&nbsp;<em>Case Law<\/em>&nbsp;aus j\u00fcngster Zeit und einen Ausblick auf die kommenden Vortr\u00e4ge.<\/p>\n\n\n\n<figure class=\"wp-block-image size-full\"><img loading=\"lazy\" decoding=\"async\" width=\"760\" height=\"971\" src=\"https:\/\/www.d-kart.de\/wp-content\/uploads\/2021\/12\/Unbenannt-1.jpg\" alt=\"\" class=\"wp-image-7085\" srcset=\"https:\/\/www.d-kart.de\/wp-content\/uploads\/2021\/12\/Unbenannt-1.jpg 760w, https:\/\/www.d-kart.de\/wp-content\/uploads\/2021\/12\/Unbenannt-1-235x300.jpg 235w, https:\/\/www.d-kart.de\/wp-content\/uploads\/2021\/12\/Unbenannt-1-600x767.jpg 600w, https:\/\/www.d-kart.de\/wp-content\/uploads\/2021\/12\/Unbenannt-1-440x562.jpg 440w, https:\/\/www.d-kart.de\/wp-content\/uploads\/2021\/12\/Unbenannt-1-211x270.jpg 211w\" sizes=\"auto, (max-width: 760px) 100vw, 760px\" \/><figcaption><em>Florian Bien moderiert einen Doktorandenvortrag<\/em><\/figcaption><\/figure>\n\n\n\n<p><\/p>\n\n\n\n<p>\u00dcber die US-amerikanischen Erfahrungen im Umgang mit Digitalgiganten sprach Eckart Bueren von der Universit\u00e4t G\u00f6ttingen. Es ging dabei um das aus den USA kommende&nbsp;<em>\u201eNew Brandeis Movement\u201c<\/em>&nbsp;als Gegenst\u00fcck zur Chicago School, um die aktuellsten Regulierungsvorhaben etwa betreffend Gatekeeper, die jenen in Deutschland und der EU sehr \u00e4hnlich erscheinen und Massenklagen gegen BigTech. Besonders hervor stach in j\u00fcngster Zeit die in den USA angedrohte Zerschlagung von GAFAM, die insbesondere von Massachusetts-Senatorin<em>&nbsp;<\/em>Elizabeth Warren vehement gefordert wurde und weltweit gro\u00dfe Aufmerksamkeit erregte. \u201eWas aber kommt nach Facebook und Google, wenn wir sie zerschlagen?\u201c, fragte Eckart Bueren. Passenderweise im H\u00f6rsaal \u201ePeking\u201c gab er selbst die Antwort: Falls westliche Internetgiganten zerschlagen werden, sto\u00dfen schnell andere digitale Player in diese L\u00fccke. Vermutlich solche aus dem asiatischen Raum, deren Standards bzgl. Datenschutz, Verbraucherschutz und Schutz der Privatsph\u00e4re (insbesondere auch gegen staatliche Eingriffe) deutlich geringer sind als westliche.&nbsp;<em>A need for Western competition policy?<\/em><\/p>\n\n\n\n<h2 class=\"wp-block-heading\">S<strong>how what you got, lovely W\u00fcrzburg!<\/strong><\/h2>\n\n\n\n<p>Nun zum&nbsp;<s>wirklich wichtigen Teil<\/s>&nbsp;Rahmenprogramm des Seminars. Nach dem Mittagessen ging es zur Besichtigung der Universit\u00e4t W\u00fcrzburg, die mit ihrer Gr\u00fcndung im Jahre 1402 die zu den ersten deutschsprachigen Universit\u00e4ten geh\u00f6rt! Gro\u00dfz\u00fcgig wurden alle Teilnehmer:innen am ersten Abend zum \u201eWelcome Dinner\u201c in das B\u00fcrgerspital Weinstuben eingeladen (an dieser Stelle ein herzliches Dankesch\u00f6n an die Universit\u00e4t Aix-Marseille f\u00fcr die gro\u00dfz\u00fcgige Einladung!). Ausnahmslos alle Teilnehmer lie\u00dfen sich von dem geschmackvollen Interior, dem herausragenden Essen und dem wohl schmeckenden W\u00fcrzburger Wein \u00fcberzeugen. Nach anonymer Umfrage ein gelungener Abschluss des ersten Tages!<\/p>\n\n\n\n<figure class=\"wp-block-image size-large\"><img loading=\"lazy\" decoding=\"async\" width=\"1024\" height=\"314\" src=\"https:\/\/www.d-kart.de\/wp-content\/uploads\/2021\/12\/Bildschirmfoto-2021-12-15-um-17.41.31-1024x314.png\" alt=\"\" class=\"wp-image-7087\" srcset=\"https:\/\/www.d-kart.de\/wp-content\/uploads\/2021\/12\/Bildschirmfoto-2021-12-15-um-17.41.31-1024x314.png 1024w, https:\/\/www.d-kart.de\/wp-content\/uploads\/2021\/12\/Bildschirmfoto-2021-12-15-um-17.41.31-300x92.png 300w, https:\/\/www.d-kart.de\/wp-content\/uploads\/2021\/12\/Bildschirmfoto-2021-12-15-um-17.41.31-768x235.png 768w, https:\/\/www.d-kart.de\/wp-content\/uploads\/2021\/12\/Bildschirmfoto-2021-12-15-um-17.41.31-600x184.png 600w, https:\/\/www.d-kart.de\/wp-content\/uploads\/2021\/12\/Bildschirmfoto-2021-12-15-um-17.41.31-1536x471.png 1536w, https:\/\/www.d-kart.de\/wp-content\/uploads\/2021\/12\/Bildschirmfoto-2021-12-15-um-17.41.31-440x135.png 440w, https:\/\/www.d-kart.de\/wp-content\/uploads\/2021\/12\/Bildschirmfoto-2021-12-15-um-17.41.31-604x185.png 604w, https:\/\/www.d-kart.de\/wp-content\/uploads\/2021\/12\/Bildschirmfoto-2021-12-15-um-17.41.31.png 1670w\" sizes=\"auto, (max-width: 1024px) 100vw, 1024px\" \/><figcaption><em>Die W\u00fcrzburger Residenz mit ihrem opulenten Residenzgarten links; das B\u00fcrgerspital rechts<\/em><\/figcaption><\/figure>\n\n\n\n<h2 class=\"wp-block-heading\"><strong>Tag 2: Die international Perspektive auf digitale M\u00e4rkte&nbsp;<\/strong><\/h2>\n\n\n\n<p>Auch wenn man \u201ekein Chauvinist\u201c sei, lohne sich ein Blick in das franz\u00f6sische Kartellrecht wie David Bosco mit einem Schmunzeln feststellte, weil alle aktuellen Fragen betreffend digitale Plattformen auch dort eine gro\u00dfe Rolle spielen, wenngleich die Ergebnisse aber teilweise anders als in anderen Jurisdiktionen ausfallen. Seine Analyse der kartellrechtlichen Entwicklungen in Frankreich zeigte, dass nach den Jahren 2000-2020, in denen Konsumentenwohlfahrt,&nbsp;<em>the more economic approach&nbsp;<\/em>und&nbsp;<em>soft enforcement<\/em>&nbsp;durch Zusagenentscheidungen eine gro\u00dfe Rolle spielten, die franz\u00f6sische Kartellbeh\u00f6rde ihren Kurs hin zu einem&nbsp;<em>hard and fast enforcement<\/em>&nbsp;auf der Basis eines Per-se-Approaches korrigierte. Beispiel gef\u00e4llig? W\u00e4hrend Booking.com im Jahr 2015 noch mit einer Verpflichtungszusage davon kam, erhielten Google und Apple j\u00fcngst Geldbu\u00dfen in H\u00f6he von 150 Mio. \u20ac und 220 Mio. \u20ac sowie 1,1 Mrd. \u20ac.&nbsp;<em>So, have a look!<\/em><\/p>\n\n\n\n<p><\/p>\n\n\n\n<figure class=\"wp-block-image size-full\"><img loading=\"lazy\" decoding=\"async\" width=\"576\" height=\"432\" src=\"https:\/\/www.d-kart.de\/wp-content\/uploads\/2021\/12\/Unbenannt-2.jpg\" alt=\"\" class=\"wp-image-7088\" srcset=\"https:\/\/www.d-kart.de\/wp-content\/uploads\/2021\/12\/Unbenannt-2.jpg 576w, https:\/\/www.d-kart.de\/wp-content\/uploads\/2021\/12\/Unbenannt-2-300x225.jpg 300w, https:\/\/www.d-kart.de\/wp-content\/uploads\/2021\/12\/Unbenannt-2-440x330.jpg 440w, https:\/\/www.d-kart.de\/wp-content\/uploads\/2021\/12\/Unbenannt-2-360x270.jpg 360w\" sizes=\"auto, (max-width: 576px) 100vw, 576px\" \/><figcaption><em>Da wurde auch der ein oder andere Experte selbst zum Fan\u2026<\/em><\/figcaption><\/figure>\n\n\n\n<p>Panel mit internationalen Hochkar\u00e4tern! Es ging um DMA und DSA, das derzeit die kartellrechtlichen Gazetten beherrschende Thema. Seit Macron ank\u00fcndigte, die digitale Novelle w\u00e4hrend der franz\u00f6sischen EU-Ratspr\u00e4sidentschaft im ersten Halbjahr 2022 z\u00fcgig verabschieden zu wollen, laufen die juristischen Wettb\u00fcros hei\u00df, ob er dieses ambitionierte Versprechen am Ende wirklich halten k\u00f6nnen wird. W\u00e4hrend die Teilnehmer:innen die europ\u00e4ische F\u00fchrungsrolle im Umgang mit Digitalplattformen prinzipiell lobten, bem\u00e4ngelten sie hingegen die im DMA-Entwurf weitestgehend fehlenden Regelungen zur Fusionskontrolle. Wenig \u00fcberraschend wurde insbesondere das Konkurrenzverh\u00e4ltnis von DMA zu nationalen Regelungen kontrovers diskutiert. Als Vorbild f\u00fcr Verbesserungen des DMA k\u00f6nnte den Teilnehmern zufolge gerade die 10. GWB-Novelle dienen. Das Panel war im Sinne der Winter School interdisziplin\u00e4r besetzt. Mit dabei waren Fr\u00e9d\u00e9ric Marty (Prof., \u00d6konom, Nizza), Alessandra Tonazzi (Direktorin, italienische Wettbewerbsbeh\u00f6rde), Simonetta Vezzoso (Prof., Juristin, Trento), Chiara Caccinelli (\u00d6konomin, Paris) und Alexandre de Streel (Prof., Jurist, Namur).<\/p>\n\n\n\n<h2 class=\"wp-block-heading\"><strong>Tag 3: Gedanken einer deutschen Wettbewerbsbeh\u00f6rde\u2026&nbsp;<\/strong><\/h2>\n\n\n\n<p>Besonders freuen durften sich die Doktoranden \u00fcber ein paar\u00a0<em>Insights<\/em>\u00a0aus dem Bundeskartellamt. Christian Stempel und Hannah Standtke (beides Jurist:innen) berichteten \u00fcber den derzeitigen Stand der Reform der\u00a0<em>VBER\u00a0<\/em>(dt. Vertikal-GVO). Dabei kamen die geplanten \u00c4nderungen, beispielsweise bei Parit\u00e4tsklauseln, Beschr\u00e4nkungen des Online-Handels und der Doppelbepreisung zur Sprache. Im Einklang mit der Ansicht des Kartellamts habe sich hinsichtlich des\u00a0<em>Blacklisting<\/em>\u00a0vertikaler Preisbindungen\u00a0in der aktuellen Reform nichts ge\u00e4ndert. \u00dcber etwas anderes war man \u201enicht ganz so gl\u00fccklich\u201c: Man werde die Kommission doch dringend bitten, eine neue \u00dcberpr\u00fcfung deutlich fr\u00fcher als erst nach 12 Jahren anzuregen.\u00a0<em>Word!\u2026<\/em><\/p>\n\n\n\n<p>Bei Sebastian Wismer (\u00d6konom und Ex-W\u00fcrzburger Doktorand) stand anschlie\u00dfend \u00a7 19a GWB im Fokus. Damit sei man jetzt&nbsp;<em>\u201efaster\u201c<\/em>&nbsp;als mit den alten Missbrauchsregelungen und besser in der Lage, der Dynamik der digitalen M\u00e4rkte begegnen zu k\u00f6nnen. Kern einer hei\u00dfen Diskussion war die \u201eAktivierungsl\u00f6sung\u201c des \u00a7 19a im Vergleich mit einer ex-ante-Regulierung, wie sie der DMA vorsieht. Die \u201edeutsche\u201c Variante f\u00fchre zu hoher Rechtssicherheit f\u00fcr die Unternehmen, so Wismer. Die&nbsp;<em>Compliance<\/em>&nbsp;mit dem Regelkatalog m\u00fcsse von den Unternehmen nicht im&nbsp;<em>Self-Assessment<\/em> gepr\u00fcft werden, sondern werde durch eine individuelle Untersagungsentscheidung festgestellt. Diese k\u00f6nne jedoch auch \u201efr\u00fchzeitig\u201c erfolgen, ohne dass es erst eines spezifischen Wettbewerbsverhaltens seitens der Digitalplattformen bedarf. Durch den DMA will man sich nicht im Wirkungsbereich beschnitten wissen und hofft vielmehr auf eine aktive Rolle auch bei dessen Durchsetzung!<\/p>\n\n\n\n<p>Zum&nbsp;<em>Meet &amp; Greet<\/em>&nbsp;zugeschaltet war Konrad Ost. Der Kartellamtsvize lie\u00df es sich auch nicht nehmen &#8211; ganz nebenbei &#8211; auf die Vorz\u00fcge eines Berufseinstiegs beim Bundeskartellamt hinzuweisen \ud83d\ude09<\/p>\n\n\n\n<p><\/p>\n\n\n\n<figure class=\"wp-block-image size-full\"><img loading=\"lazy\" decoding=\"async\" width=\"592\" height=\"380\" src=\"https:\/\/www.d-kart.de\/wp-content\/uploads\/2021\/12\/Unbenannt-3.jpg\" alt=\"\" class=\"wp-image-7089\" srcset=\"https:\/\/www.d-kart.de\/wp-content\/uploads\/2021\/12\/Unbenannt-3.jpg 592w, https:\/\/www.d-kart.de\/wp-content\/uploads\/2021\/12\/Unbenannt-3-300x193.jpg 300w, https:\/\/www.d-kart.de\/wp-content\/uploads\/2021\/12\/Unbenannt-3-440x282.jpg 440w, https:\/\/www.d-kart.de\/wp-content\/uploads\/2021\/12\/Unbenannt-3-421x270.jpg 421w\" sizes=\"auto, (max-width: 592px) 100vw, 592px\" \/><figcaption><em>Florian Bien (und die Teilnehmer) im Austausch mit Konrad Ost<\/em><\/figcaption><\/figure>\n\n\n\n<p><em>\u201eDo not read it all!\u201c<\/em>&nbsp;Das war die Antwort von Rupprecht Podszun von der Universit\u00e4t D\u00fcsseldorf auf die gro\u00dfe Frage, wie Nachwuchswissenschaftler mit der F\u00fclle an Informationen umgehen sollen, die in reformtr\u00e4chtigen Zeiten wie diesen auf sie einprasseln. Da kann man schon mal den \u00dcberblick verlieren und sich erschlagen f\u00fchlen von der schieren Masse an neuem Stoff. Es gehe nicht darum, alle Reformen und Details derart zu durchdringen, dass man auch auf entlegenstem Gebiet ein Experte oder eine Expertin w\u00fcrde. Das funktioniere wohl auch gar nicht. Man solle sich vielmehr auf dasjenige konzentrieren, das f\u00fcr die eigene Forschung relevant ist. H\u00e4ufig l\u00e4gen auch die L\u00f6sungen f\u00fcr die neuartigen Probleme in der Tiefe der unver\u00e4ndert gebliebenen Prinzipien des Kartellrechts.<\/p>\n\n\n\n<h2 class=\"wp-block-heading\"><strong>Rahmenprogramm: In und unter der W\u00fcrzburger Residenz finden sich gro\u00dfe Sch\u00e4tze!<\/strong><\/h2>\n\n\n\n<p>Alle Teilnehmer:innen kamen in den Genuss, die wundersch\u00f6ne W\u00fcrzburger Residenz einmal von innen zu besichtigen. Obwohl F\u00fchrungen nicht angeboten wurden, konnte lehrstuhlintern ein ad\u00e4quater Ersatz gefunden werden. Abends gab es eine deutsch-franz\u00f6sischsprachige F\u00fchrung durch den eindrucksvollen staatlichen Hofkeller unterhalb der Residenz mit anschlie\u00dfendem&nbsp;<em>Wine-Tasting<\/em>&nbsp;und obligatorischem Snack.<\/p>\n\n\n\n<figure class=\"wp-block-image size-large\"><img loading=\"lazy\" decoding=\"async\" width=\"1024\" height=\"682\" src=\"https:\/\/www.d-kart.de\/wp-content\/uploads\/2021\/12\/Bildschirmfoto-2021-12-15-um-17.43.29-1024x682.png\" alt=\"\" class=\"wp-image-7090\" srcset=\"https:\/\/www.d-kart.de\/wp-content\/uploads\/2021\/12\/Bildschirmfoto-2021-12-15-um-17.43.29-1024x682.png 1024w, https:\/\/www.d-kart.de\/wp-content\/uploads\/2021\/12\/Bildschirmfoto-2021-12-15-um-17.43.29-300x200.png 300w, https:\/\/www.d-kart.de\/wp-content\/uploads\/2021\/12\/Bildschirmfoto-2021-12-15-um-17.43.29-768x512.png 768w, https:\/\/www.d-kart.de\/wp-content\/uploads\/2021\/12\/Bildschirmfoto-2021-12-15-um-17.43.29-600x400.png 600w, https:\/\/www.d-kart.de\/wp-content\/uploads\/2021\/12\/Bildschirmfoto-2021-12-15-um-17.43.29-440x293.png 440w, https:\/\/www.d-kart.de\/wp-content\/uploads\/2021\/12\/Bildschirmfoto-2021-12-15-um-17.43.29-405x270.png 405w, https:\/\/www.d-kart.de\/wp-content\/uploads\/2021\/12\/Bildschirmfoto-2021-12-15-um-17.43.29.png 1438w\" sizes=\"auto, (max-width: 1024px) 100vw, 1024px\" \/><figcaption><em>Eindrucksvolle Skulpturen und ein gigantisches Tiepolo-Fresko innerhalb sowie<\/em> <em>riesige alte Gew\u00f6lbekeller unterhalb der W\u00fcrzburger Residenz. Ein Besuch lohnt sich!<\/em><\/figcaption><\/figure>\n\n\n\n<h2 class=\"wp-block-heading\"><strong>Tag 4: Europ\u00e4ische Gr\u00fc\u00dfe<\/strong><\/h2>\n\n\n\n<p>Gr\u00fc\u00dfe aus Br\u00fcssel brachte Bastian Voell von der Generaldirektion Wettbewerb, der \u00fcber die Sektor-Untersuchung zum<em>\u201eInternet of things for consumers\u201c<\/em>&nbsp;sprach. Was das ist, illustrierte er augenzwinkernd mit dem Beispiel eines K\u00fchlschranks der Zukunft mit Sprachassistenten, der nicht nur eigenst\u00e4ndig verbrauchte Lebensmittel nachbestellt, sondern auch den Besitzer auf anstehende Termine hinweist, auf Anfrage Emails laut vorliest und die Karaokeversion von&nbsp;<em>Shallow&nbsp;<\/em>spielt. Dabei stellte die Kommission fest, dass die entscheidende Rolle in Zukunft wohl weniger den&nbsp;<em>Smart-Home<\/em>-Ger\u00e4ten selbst, als vielmehr den Sprachassistenten zukommen wird. Die Ger\u00e4te sind alle mit unterschiedlicher Software ausgestattet. Besitzt man mehrere von unterschiedlichen Herstellern, so ben\u00f6tigt man einen Mittler. Wer kann so etwas? Richtig, der&nbsp;<em>Voice Assistant<\/em>! \u00dcber diesen lassen sich dann die so wichtigen Daten (vor allem im privaten Umfeld) in gro\u00dfen Mengen sammeln. Ein Paradies f\u00fcr BigTech!<\/p>\n\n\n\n<p>Aus Luxemburg gr\u00fc\u00dfte in diesen Tagen auch das EuG mit der Verk\u00fcndung seines Urteils in Sachen&nbsp;<em>Google Shopping<\/em>, in dem es die Einsch\u00e4tzung der Kommission zur Missbr\u00e4uchlichkeit von&nbsp;<em>Self-Preferencing<\/em>&nbsp;in diesem Fall best\u00e4tigte. Fr\u00e9d\u00e9ric Marty sprach \u00fcber die \u00f6konomischen Auswirkungen von selbstbevorzugendem Verhalten und kam \u2013 wie das EuG \u2013 zur Einsch\u00e4tzung, dass&nbsp;<em>Self-Preferencing<\/em>&nbsp;nicht stets negative Auswirkungen auf den Wettbewerb haben m\u00fcsse.<\/p>\n\n\n\n<h2 class=\"wp-block-heading\"><strong>Zum Abschluss einige Highlights der vielen hervorragenden Doktorandenvortr\u00e4ge\u2026<\/strong><\/h2>\n\n\n\n<p>Julia Reimer (\u00d6konomin, W\u00fcrzburg) stellte ein gemeinsam mit Toker Doganoglu entwickeltes Modell vor, das zeigt, weshalb sich Produktnachahmungen derzeit lohnen und Verbote nicht der beste Weg sind, um Imitationen zu vermeiden.<\/p>\n\n\n\n<p>Anna Chiara Bergomi (Juristin, Mailand) pr\u00e4sentierte ihre Forschung zum Facebook-Fall des BKartA vor, der auf&nbsp;<em>D\u2019Kart<\/em> sogar eine <a href=\"https:\/\/www.d-kart.de\/der-fall-facebook\/\" target=\"_blank\" rel=\"noreferrer noopener\">eigene Rubrik<\/a> erhalten hat.<\/p>\n\n\n\n<p>Schlie\u00dflich widmete sich Jeanne Mouton (\u00d6konomin, Nizza) dem spannenden Thema des&nbsp;<em>Private Enforcement&nbsp;<\/em>im&nbsp;<em>Social-Media<\/em>-Bereich und den Vorurteilen der dortigen Nutzer.<\/p>\n\n\n\n<p><strong>Fazit:&nbsp;<\/strong>Der W\u00fcrzburger Kartellrechtsstandort um die Lehrst\u00fchle von Florian Bien und Toker Doganoglu ist um ein spannendes Format reicher. Alle Teilnehmer:innen empfanden die W\u00fcrzburger Winter School nach eigener Aussage fachlich und pers\u00f6nlich, insbesondere den f\u00fcr Doktorandenseminare seltenen interdisziplin\u00e4ren und interkulturellen Austausch, als sehr bereichernd. Eine Re-Einladung nach Aix-Marseille f\u00fcr M\u00e4rz 2022 ist auch schon hereingeflattert.<\/p>\n\n\n\n<p>In Zukunft gerne mehr hiervon!<\/p>\n\n\n\n<figure class=\"wp-block-image size-medium\"><img loading=\"lazy\" decoding=\"async\" width=\"300\" height=\"300\" src=\"https:\/\/www.d-kart.de\/wp-content\/uploads\/2021\/12\/FLorian-Heimann-300x300.jpg\" alt=\"\" class=\"wp-image-7107\" srcset=\"https:\/\/www.d-kart.de\/wp-content\/uploads\/2021\/12\/FLorian-Heimann-300x300.jpg 300w, https:\/\/www.d-kart.de\/wp-content\/uploads\/2021\/12\/FLorian-Heimann-150x150.jpg 150w, https:\/\/www.d-kart.de\/wp-content\/uploads\/2021\/12\/FLorian-Heimann-768x768.jpg 768w, https:\/\/www.d-kart.de\/wp-content\/uploads\/2021\/12\/FLorian-Heimann-600x600.jpg 600w, https:\/\/www.d-kart.de\/wp-content\/uploads\/2021\/12\/FLorian-Heimann-92x92.jpg 92w, https:\/\/www.d-kart.de\/wp-content\/uploads\/2021\/12\/FLorian-Heimann-440x440.jpg 440w, https:\/\/www.d-kart.de\/wp-content\/uploads\/2021\/12\/FLorian-Heimann-270x270.jpg 270w, https:\/\/www.d-kart.de\/wp-content\/uploads\/2021\/12\/FLorian-Heimann.jpg 800w\" sizes=\"auto, (max-width: 300px) 100vw, 300px\" \/><\/figure>\n\n\n\n<p><em>Florian Heimann ist Akademischer Mitarbeiter und Doktorand am Lehrstuhl von Prof. Dr. Florian Bien an der Universit\u00e4t W\u00fcrzburg.<\/em><\/p>\n\n\n\n<p>Der Link zum Antitrust Advent Calendar 2021: <a href=\"https:\/\/www.d-kart.de\/blog\/2021\/12\/01\/antitrust-advent-calendar-2021\/\" target=\"_blank\" rel=\"noreferrer noopener\">Hier entlang!<\/a><\/p>\n\n\n\n<p>Wenn Sie per Mail \u00fcber neue Postings informiert werden m\u00f6chten: <a href=\"https:\/\/www.d-kart.de\/newsletter\/\" target=\"_blank\" rel=\"noreferrer noopener\">Zum Newsletter-Abo!<\/a><\/p>\n","protected":false},"excerpt":{"rendered":"<p>Mit internationalem Flair gab es \u201edigitales Kartellrecht\u201c pur als Hauptgang und W\u00fcrzburger Wein als Nachspeise \u2013 Doktorand&nbsp;Florian Heimann&nbsp;erlebte bei der W\u00fcrzburger Winter School 2021 ein besonderes Doktorandenseminar. \u201eDo not read it all\u201c.&nbsp;Ein Aufruf weniger zu lesen? Wann bekommt man als Nachwuchswissenschaftler schon einmal solch einen Tipp von einem Hochschullehrer? Dies war nur einer von vielen bemerkenswerten Aspekten eines au\u00dfergew\u00f6hnlichen Doktorandenseminars an der Universit\u00e4t W\u00fcrzburg. Dort empfingen Florian Bien und Toker Doganoglu ihre Kollegen David Bosco, Eckart Bueren, Fr\u00e9d\u00e9ric Marty und&#8230;<\/p>\n<p class=\"read-more\"><a class=\"btn btn-default\" href=\"https:\/\/www.d-kart.de\/en\/blog\/2021\/12\/16\/wuerzburg-winter-school-2021-debriefing\/\"> Read More<span class=\"screen-reader-text\">  Read More<\/span><\/a><\/p>\n","protected":false},"author":11,"featured_media":7108,"comment_status":"open","ping_status":"open","sticky":false,"template":"","format":"standard","meta":{"footnotes":""},"categories":[253],"tags":[354,391,410],"class_list":["post-7082","post","type-post","status-publish","format-standard","has-post-thumbnail","hentry","category-conference-debriefings","tag-dma","tag-konferenz","tag-zerschlagung"],"translation":{"provider":"WPGlobus","version":"3.0.0","language":"en","enabled_languages":["de","en"],"languages":{"de":{"title":true,"content":true,"excerpt":false},"en":{"title":false,"content":false,"excerpt":false}}},"_links":{"self":[{"href":"https:\/\/www.d-kart.de\/en\/wp-json\/wp\/v2\/posts\/7082","targetHints":{"allow":["GET"]}}],"collection":[{"href":"https:\/\/www.d-kart.de\/en\/wp-json\/wp\/v2\/posts"}],"about":[{"href":"https:\/\/www.d-kart.de\/en\/wp-json\/wp\/v2\/types\/post"}],"author":[{"embeddable":true,"href":"https:\/\/www.d-kart.de\/en\/wp-json\/wp\/v2\/users\/11"}],"replies":[{"embeddable":true,"href":"https:\/\/www.d-kart.de\/en\/wp-json\/wp\/v2\/comments?post=7082"}],"version-history":[{"count":8,"href":"https:\/\/www.d-kart.de\/en\/wp-json\/wp\/v2\/posts\/7082\/revisions"}],"predecessor-version":[{"id":7118,"href":"https:\/\/www.d-kart.de\/en\/wp-json\/wp\/v2\/posts\/7082\/revisions\/7118"}],"wp:featuredmedia":[{"embeddable":true,"href":"https:\/\/www.d-kart.de\/en\/wp-json\/wp\/v2\/media\/7108"}],"wp:attachment":[{"href":"https:\/\/www.d-kart.de\/en\/wp-json\/wp\/v2\/media?parent=7082"}],"wp:term":[{"taxonomy":"category","embeddable":true,"href":"https:\/\/www.d-kart.de\/en\/wp-json\/wp\/v2\/categories?post=7082"},{"taxonomy":"post_tag","embeddable":true,"href":"https:\/\/www.d-kart.de\/en\/wp-json\/wp\/v2\/tags?post=7082"}],"curies":[{"name":"wp","href":"https:\/\/api.w.org\/{rel}","templated":true}]}}