{"id":11331,"date":"2026-01-26T18:07:42","date_gmt":"2026-01-26T17:07:42","guid":{"rendered":"https:\/\/www.d-kart.de\/?p=11331"},"modified":"2026-01-26T19:20:33","modified_gmt":"2026-01-26T18:20:33","slug":"conference-debriefing-48-eu-competition-conference-2026","status":"publish","type":"post","link":"https:\/\/www.d-kart.de\/en\/blog\/2026\/01\/26\/conference-debriefing-48-eu-competition-conference-2026\/","title":{"rendered":"Conference Debriefing (48): EU Competition Conference 2026"},"content":{"rendered":"\n<p><em>Those travelling to Brussels on 20 January 2026 did not dream of Belgian confectionery, but competition. It was time once again for the EU Competition Conference, jointly organised by the Institute for Competition Law at Heinrich Heine University and the law firm CMS. High-ranking representatives from practice, authorities and academia all turned out for the conference. Right in the thick of it: our doctoral students from D\u00fcsseldorf \u2013 <strong>Klara Dresselhaus<\/strong>, <strong>Sofia Schulz<\/strong> and <strong>Sebastian Steinert<\/strong> report for D&#8217;Kart.<\/em><\/p>\n\n\n\n<h2 class=\"wp-block-heading\">A Day Dedicated to Competition<\/h2>\n\n\n\n<p><em>Ma\u0142gorzata Urba\u0144ska <\/em>(CMS) and <em>Christian Kersting <\/em>(HHU) welcomed the high-ranking representatives from authorities, law firms and companies, as well as the rest (&#8220;There are also students present!&#8221;). <em>Kai Neuhaus <\/em>(CMS) navigated through the packed programme, which included insights into enforcement priorities in digital markets, compliance tactics for minority shareholdings, and the latest learnings from the CJEU. And, of course, informative networking was also on the agenda \u2013 but not too informative, given the presence of competitors!<\/p>\n\n\n\n<figure class=\"wp-block-image size-large\"><img loading=\"lazy\" decoding=\"async\" width=\"1024\" height=\"681\" src=\"https:\/\/www.d-kart.de\/wp-content\/uploads\/2026\/01\/CMS_Conf26_2-1024x681.jpg\" alt=\"\" class=\"wp-image-11361\" srcset=\"https:\/\/www.d-kart.de\/wp-content\/uploads\/2026\/01\/CMS_Conf26_2-1024x681.jpg 1024w, https:\/\/www.d-kart.de\/wp-content\/uploads\/2026\/01\/CMS_Conf26_2-300x199.jpg 300w, https:\/\/www.d-kart.de\/wp-content\/uploads\/2026\/01\/CMS_Conf26_2-768x511.jpg 768w, https:\/\/www.d-kart.de\/wp-content\/uploads\/2026\/01\/CMS_Conf26_2-1536x1021.jpg 1536w, https:\/\/www.d-kart.de\/wp-content\/uploads\/2026\/01\/CMS_Conf26_2-2048x1362.jpg 2048w, https:\/\/www.d-kart.de\/wp-content\/uploads\/2026\/01\/CMS_Conf26_2-440x293.jpg 440w, https:\/\/www.d-kart.de\/wp-content\/uploads\/2026\/01\/CMS_Conf26_2-406x270.jpg 406w, https:\/\/www.d-kart.de\/wp-content\/uploads\/2026\/01\/CMS_Conf26_2-1320x878.jpg 1320w\" sizes=\"auto, (max-width: 1024px) 100vw, 1024px\" \/><figcaption class=\"wp-element-caption\">Full house in Brussels: no wonder, as everyone wants the latest insights and trends in antitrust law. Photo: Moritz Pottek.<\/figcaption><\/figure>\n\n\n\n<h2 class=\"wp-block-heading\">Merger Control: Efficiencies, Investment Commitments and Killer Acquisitions<\/h2>\n\n\n\n<p>The panel on <strong>merger control<\/strong> kicked things off. The discussion got straight to the point: <em>Damien G\u00e9rard <\/em>(Belgian Competition Authority), <em>Raphael De Coninck <\/em>(Charles River Associates) and <em>Grania Holzwarth <\/em>(Deutsche Telekom) engaged in a lively debate on the revision of the Merger Guidelines, moderated by <em>Dieter Zandler <\/em>(CMS Vienna) and <em>Hendrik Nordling <\/em>(CMS Oslo).<\/p>\n\n\n\n<p>A recurring theme: <strong>efficiencies<\/strong>. Raphael De Coninck and Grania Holzwarth, in particular, repeatedly emphasised that the approval of a merger on the basis of efficiency considerations is purely theoretical. &#8220;I don&#8217;t see any merger that has been cleared on the basis of efficiency,&#8221; said <em>Grania Holzwarth<\/em>. The asymmetry of the evidence requirements was also criticised: while proving efficiencies is excessively strict and practically impossible in practice, competitive damage is often assumed on a prognostic basis.<\/p>\n\n\n\n<p><em>Damien G\u00e9rard<\/em>, Prosecutor General of the Belgian Competition Authority, countered that efficiencies were part of the everyday remit of competition authorities. Anyone claiming groundbreaking efficiency gains must also make the effort to substantiate them with comprehensive evidence. He also emphasised the limitations of <strong>the consumer welfare approach<\/strong>: &#8220;Efficiencies will never trump the entire elimination of competition.&#8221; The protection of the competition process in the EU is &#8220;constitutional&#8221;.<\/p>\n\n\n\n<p>With regard to the guidelines, one buzzword dominated the discussion: innovation. The guidelines should not merely preserve past market structures, but should take greater account of <strong>future developments<\/strong>. On the subject of<strong> remedies<\/strong>, the importance of investment commitments was particularly emphasised. Damien G\u00e9rard, in particular, was critical in this regard. He argued that it was difficult to ensure their effectiveness and that companies <strong>lacked <\/strong>the incentive to comply with the law. Furthermore, damage to competition caused by the merger would be difficult to rectify.<\/p>\n\n\n\n<p>The topic of <strong>killer acquisitions <\/strong>primarily addressed the problem of legal uncertainty. Although the problem was recognised as such, there was general criticism of decisions such as in the <em>Towercast<\/em> case: thresholds existed for a reason. From the point of view of authorities, intervention was seen as less problematic, and the Merger Guidelines should be approached with caution: &#8220;If it ain&#8217;t broke, don&#8217;t fix it.&#8221;<\/p>\n\n\n\n<h2 class=\"wp-block-heading\">Information exchange without delivery fee<\/h2>\n\n\n\n<figure class=\"wp-block-image size-large\"><img loading=\"lazy\" decoding=\"async\" width=\"1024\" height=\"681\" src=\"https:\/\/www.d-kart.de\/wp-content\/uploads\/2026\/01\/CMS_Conf26_3-1024x681.jpg\" alt=\"\" class=\"wp-image-11362\" srcset=\"https:\/\/www.d-kart.de\/wp-content\/uploads\/2026\/01\/CMS_Conf26_3-1024x681.jpg 1024w, https:\/\/www.d-kart.de\/wp-content\/uploads\/2026\/01\/CMS_Conf26_3-300x199.jpg 300w, https:\/\/www.d-kart.de\/wp-content\/uploads\/2026\/01\/CMS_Conf26_3-768x511.jpg 768w, https:\/\/www.d-kart.de\/wp-content\/uploads\/2026\/01\/CMS_Conf26_3-1536x1021.jpg 1536w, https:\/\/www.d-kart.de\/wp-content\/uploads\/2026\/01\/CMS_Conf26_3-2048x1362.jpg 2048w, https:\/\/www.d-kart.de\/wp-content\/uploads\/2026\/01\/CMS_Conf26_3-440x293.jpg 440w, https:\/\/www.d-kart.de\/wp-content\/uploads\/2026\/01\/CMS_Conf26_3-406x270.jpg 406w, https:\/\/www.d-kart.de\/wp-content\/uploads\/2026\/01\/CMS_Conf26_3-1320x878.jpg 1320w\" sizes=\"auto, (max-width: 1024px) 100vw, 1024px\" \/><figcaption class=\"wp-element-caption\">Information exchange on Article 101 TFEU with Daniela Esposito (AkzoNobel), Christoph Leibenath (Nestl\u00e9) and Carla Wachendorfer (Delivery Hero). The discussion was moderated by Ma\u0142gorzata Urba\u0144ska (CMS Warsaw) and Michael Bauer (CMS Brussels). Photo: Moritz Pottek.<\/figcaption><\/figure>\n\n\n\n<p>Next, the conference turned its attention to a classic antitrust issue: the exchange of information between competitors. The elephant in the room here was, of course, last year&#8217;s <a href=\"https:\/\/ec.europa.eu\/commission\/presscorner\/detail\/en\/ip_25_1356\" data-type=\"link\" data-id=\"https:\/\/ec.europa.eu\/commission\/presscorner\/detail\/en\/ip_25_1356\" target=\"_blank\" rel=\"noreferrer noopener\">decision against Delivery Hero<\/a>: the EU Commission imposed a fine of over \u20ac220 million on the delivery service, which gained access to sensitive business information through its minority stake in its competitor Glovo. Does Article 101 TFEU now structurally preclude <strong>minority shareholdings <\/strong>in competitors? And do private equity funds, which hold massive stakes in various competitors, now have to rethink their investments, asked CMS partner <em>Michael Bauer<\/em>.<\/p>\n\n\n\n<p>&#8220;You&#8217;re being dramatic,&#8221; reassured <em>Daniela Esposito <\/em>(AkzoNobel), and Nestl\u00e9 in-house counsel <em>Christoph Leibenath <\/em>explained that the case did not bring any material innovations except for the reminder that the prohibition of anti-competitive agreements also applies in the context of minority shareholdings.<\/p>\n\n\n\n<p>And what does <strong>Delivery Hero <\/strong>have to say about this? At some point, <em>Michael Bauer <\/em>released Delivery Hero&#8217;s in-house counsel <em>Carla Wachendorfer <\/em>from her duty of confidentiality. The innocent phrase &#8220;Carla, let us know if you have something to say&#8221; naturally rubbed salt in the wound. In any case, <em>Wachendorfer<\/em> promised the utmost caution for future minority investments, including internal &#8220;firewalls&#8221; and &#8220;clean teams.&#8221; And for particularly confidential data, even smaller recipient groups could be set up, so-called &#8220;super super clean teams,&#8221; advised <em>Esposito <\/em>from AkzoNobel.<\/p>\n\n\n\n<h2 class=\"wp-block-heading\">Competition between Cloud and Crisis<\/h2>\n\n\n\n<figure class=\"wp-block-image size-large\"><img loading=\"lazy\" decoding=\"async\" width=\"1024\" height=\"681\" src=\"https:\/\/www.d-kart.de\/wp-content\/uploads\/2026\/01\/CMS_Conf26_4-1024x681.jpeg\" alt=\"\" class=\"wp-image-11363\" srcset=\"https:\/\/www.d-kart.de\/wp-content\/uploads\/2026\/01\/CMS_Conf26_4-1024x681.jpeg 1024w, https:\/\/www.d-kart.de\/wp-content\/uploads\/2026\/01\/CMS_Conf26_4-300x199.jpeg 300w, https:\/\/www.d-kart.de\/wp-content\/uploads\/2026\/01\/CMS_Conf26_4-768x511.jpeg 768w, https:\/\/www.d-kart.de\/wp-content\/uploads\/2026\/01\/CMS_Conf26_4-1536x1021.jpeg 1536w, https:\/\/www.d-kart.de\/wp-content\/uploads\/2026\/01\/CMS_Conf26_4-2048x1362.jpeg 2048w, https:\/\/www.d-kart.de\/wp-content\/uploads\/2026\/01\/CMS_Conf26_4-440x293.jpeg 440w, https:\/\/www.d-kart.de\/wp-content\/uploads\/2026\/01\/CMS_Conf26_4-406x270.jpeg 406w, https:\/\/www.d-kart.de\/wp-content\/uploads\/2026\/01\/CMS_Conf26_4-1320x878.jpeg 1320w\" sizes=\"auto, (max-width: 1024px) 100vw, 1024px\" \/><figcaption class=\"wp-element-caption\">Linsey McCallum (acting Director-General of the Directorate-General for Competition) and Andreas Mundt (President of the Federal Cartel Office) were supposed to be grilled in the Enforcer Panel by Dirk Van Liedekerke (CMS) and Rupprecht Podszun (HHU). Christian Kersting (HHU) stepped in at short notice for the latter. Photo: Moritz Pottek.<\/figcaption><\/figure>\n\n\n\n<p>&#8220;In today&#8217;s world, continuity and stability are an advantage,&#8221; said <em>Linsey McCallum<\/em>, summarising the first year of DG Comp under <em>Teresa Ribera <\/em>as the new EU Commissioner, which is why the course set by the previous Commission is being continued in many respects. The DG is not shying away from the big digital issues (e.g. with the <a href=\"https:\/\/ec.europa.eu\/commission\/presscorner\/detail\/it\/ip_25_1992\" target=\"_blank\" rel=\"noreferrer noopener\">Google Ad Tech decision<\/a>), is setting its own priorities in the area of sustainability (e.g. with guidelines for recycling cooperations) and is taking competition law into the future with new reforms (e.g. Regulation 1\/2003, Merger Guidelines, Art. 102 Guidelines).<\/p>\n\n\n\n<h2 class=\"wp-block-heading\">Competition Capabilities for Competitiveness<\/h2>\n\n\n\n<p><em>Van Liedekerke <\/em>and <em>Kersting <\/em>wanted to know from <em>Andreas Mundt <\/em>what this future of competition law looks like, given that everything nowadays is focused on <em>competitiveness<\/em>. The <strong>&#8220;competitiveness crisis&#8221; <\/strong>is his fourth crisis (after the financial crisis, COVID and Russia&#8217;s invasion of Ukraine), explained the head of the Bundeskartellamt. We have failed to meet the goal of the Lisbon Strategy from 2000, according to which the EU wanted to become the most competitive economic area in the world. However, less competition and more industrial policy are not the answer; rather, more competition is precisely what is needed for a flourishing economy. The demand to create <strong>European champions <\/strong>through laxer competition control is &#8220;simple and naive&#8221; and basically just a distraction. A distraction from the fact that decision-makers are not doing their homework in other areas. Tax reforms, infrastructure investments, deregulation and the creation of a banking union are the relevant levers for greater competitiveness, not sham debates about overly strict competition law. Calls for weaker merger control for European champions always fall silent, Mundt complained, when it is not about Siemens\/Alstrom, but rather a politically unpopular project such as UniCredit\/Commerzbank.<\/p>\n\n\n\n<p>The acting Director-General \u2013 a successor to <em>Olivier Guersent <\/em>has not yet been announced \u2013 agreed with him. <em>McCallum <\/em>expressed concern that trade volumes between member states are currently declining. What is needed now, she said, is more enthusiasm for the further development of the internal market, not protectionism.<\/p>\n\n\n\n<p>Speaking of <strong>protectionism<\/strong>, the geopolitical influences on competition law were also discussed. <em>Mundt<\/em> said that we should be neither naive nor dramatic about this. Yes, the world is falling back into blocs, each acting in its own interests, and in some cases, there is stronger political influence from above (e.g. <a href=\"https:\/\/www.bbc.com\/news\/articles\/cn815egjqjpo\" target=\"_blank\" rel=\"noreferrer noopener\">Trump, who announced<\/a> that he would personally intervene in the decision on the Netflix\/Warner Bros. deal). But this is not noticeable in the continued good cooperation between competition authorities, including the FTC, and at least in Germany, he does not feel any political influence on the case handling of the Bundeskartellamt (despite fierce lobbying against Sec. 19a GWB in Berlin). When <em>Mundt <\/em>stated that there was also no political influence at the EU level, a murmur of doubt could be heard among the audience.<\/p>\n\n\n\n<hr class=\"wp-block-separator has-alpha-channel-opacity\"\/>\n\n\n\n<h2 class=\"wp-block-heading\">Save the Date: SCiDA Conference 2026<\/h2>\n\n\n\n<p>The research project \u201eShaping Competition in the Digital Age\u201c (SCiDA), a joint project of the Universities of D\u00fcsseldorf and Exeter, invites you to a conference in D\u00fcsseldorf! The two-day conference will explore the lessons, challenges, and opportunities arising from competition regulation and enforcement in digital markets across the EU, the UK, and Germany. Bringing together researchers, policymakers, and practitioners, it aims to promote a challenge- and solution-oriented dialogue on the present and future of digital competition law.<\/p>\n\n\n\n<p>Date: <strong>26-27 May 2026<\/strong>, University House (<em>Haus der Universit\u00e4t<\/em>), Shadowplatz 14, 40212 D\u00fcsseldorf, Germany<\/p>\n\n\n\n<p>Registration for the conference opens in February.<br><a href=\"https:\/\/scidaproject.com\/2025\/10\/23\/call-for-abstracts-scida-conference-on-shaping-competition-in-the-digital-age-towards-best-practices\/\" data-type=\"link\" data-id=\"https:\/\/scidaproject.com\/2025\/10\/23\/call-for-abstracts-scida-conference-on-shaping-competition-in-the-digital-age-towards-best-practices\/\" target=\"_blank\" rel=\"noreferrer noopener\">Click here for information on the conference on the SCiDA project website!<\/a><\/p>\n\n\n\n<figure class=\"wp-block-image size-full\"><img loading=\"lazy\" decoding=\"async\" width=\"852\" height=\"568\" src=\"https:\/\/www.d-kart.de\/wp-content\/uploads\/2026\/01\/SCiDA-Conference-2026-logo-jpg.jpg\" alt=\"\" class=\"wp-image-11347\" srcset=\"https:\/\/www.d-kart.de\/wp-content\/uploads\/2026\/01\/SCiDA-Conference-2026-logo-jpg.jpg 852w, https:\/\/www.d-kart.de\/wp-content\/uploads\/2026\/01\/SCiDA-Conference-2026-logo-jpg-300x200.jpg 300w, https:\/\/www.d-kart.de\/wp-content\/uploads\/2026\/01\/SCiDA-Conference-2026-logo-jpg-768x512.jpg 768w, https:\/\/www.d-kart.de\/wp-content\/uploads\/2026\/01\/SCiDA-Conference-2026-logo-jpg-440x293.jpg 440w, https:\/\/www.d-kart.de\/wp-content\/uploads\/2026\/01\/SCiDA-Conference-2026-logo-jpg-405x270.jpg 405w\" sizes=\"auto, (max-width: 852px) 100vw, 852px\" \/><\/figure>\n\n\n\n<hr class=\"wp-block-separator has-alpha-channel-opacity\"\/>\n\n\n\n<h2 class=\"wp-block-heading\">AI on the Enforcer\u2019s Radar<\/h2>\n\n\n\n<p>So, back to the original question: what does <strong>the future <\/strong>hold <strong>for competition law<\/strong>? For <em>McCallum<\/em>, the focus is on reforming Regulation 1\/2003 in order to have the right tools for effective enforcement at hand in the future. There is no longer any interest in harmonising national reinforcements of competition law, such as<strong> relative market power <\/strong>in Sec. 20 GWB.<\/p>\n\n\n\n<p>However, there is still work to be done on the EU procedural rules for interim measures. This is demonstrated by the case of the integration of Meta AI into WhatsApp: while the Italian competition authority imposed &#8220;<a href=\"https:\/\/legalblogs.wolterskluwer.com\/competition-blog\/the-italian-competition-authority-imposes-interim-measures-in-its-abuse-of-dominance-case-against-meta-ai\/\" target=\"_blank\" rel=\"noreferrer noopener\"><strong>interim measures<\/strong><\/a>&#8221; against Meta within four weeks, the Commission did not due to procedural hurdles. It is important that the Commission nevertheless takes action against restrictions of competition in AI markets. <em>McCallum <\/em>pointed to the investigations into the extension of the DMA to the <a href=\"https:\/\/digital-markets-act.ec.europa.eu\/commission-launches-market-investigations-cloud-computing-services-under-digital-markets-act-2025-11-18_en\" target=\"_blank\" rel=\"noreferrer noopener\">cloud services<\/a> AWS and Azure, and recalled the <a href=\"https:\/\/scidaproject.com\/2025\/12\/12\/ex-ante-but-insufficient-the-commissions-five-ai-investigations-launched-in-just-22-days\/\" target=\"_blank\" rel=\"noreferrer noopener\">two proceedings<\/a> concerning Google&#8217;s use of third-party content for AI overviews and AI training, as well as the aforementioned exclusive integration of Meta AI into WhatsApp.<\/p>\n\n\n\n<p><strong>AI<\/strong> is also <strong>a focus <\/strong>for the Bundeskartellamt. <em>Andreas Mundt <\/em>sees competition problems primarily in the cloud market (&#8220;almost the entire world depends on just three providers&#8221;), access to high-quality data and the relevance of foundation models. These areas are being examined very closely under Section 19a GWB. Perhaps a vague announcement of new cases? In any case, the Bundeskartellamt is coordinating excellently with the Commission, and the parallel existence of the DMA and Section 19a GWB is an absolute advantage that has led to an unprecedented level of cooperation between the two authorities.<\/p>\n\n\n\n<h2 class=\"wp-block-heading\">Private Enforcement \u2013 A gift that keeps on giving<\/h2>\n\n\n\n<figure class=\"wp-block-image size-large\"><img loading=\"lazy\" decoding=\"async\" width=\"1024\" height=\"477\" src=\"https:\/\/www.d-kart.de\/wp-content\/uploads\/2026\/01\/CMS_Conf26_5-1024x477.jpg\" alt=\"\" class=\"wp-image-11364\" srcset=\"https:\/\/www.d-kart.de\/wp-content\/uploads\/2026\/01\/CMS_Conf26_5-1024x477.jpg 1024w, https:\/\/www.d-kart.de\/wp-content\/uploads\/2026\/01\/CMS_Conf26_5-300x140.jpg 300w, https:\/\/www.d-kart.de\/wp-content\/uploads\/2026\/01\/CMS_Conf26_5-768x358.jpg 768w, https:\/\/www.d-kart.de\/wp-content\/uploads\/2026\/01\/CMS_Conf26_5-1536x715.jpg 1536w, https:\/\/www.d-kart.de\/wp-content\/uploads\/2026\/01\/CMS_Conf26_5-2048x954.jpg 2048w, https:\/\/www.d-kart.de\/wp-content\/uploads\/2026\/01\/CMS_Conf26_5-440x205.jpg 440w, https:\/\/www.d-kart.de\/wp-content\/uploads\/2026\/01\/CMS_Conf26_5-580x270.jpg 580w, https:\/\/www.d-kart.de\/wp-content\/uploads\/2026\/01\/CMS_Conf26_5-1320x615.jpg 1320w\" sizes=\"auto, (max-width: 1024px) 100vw, 1024px\" \/><figcaption class=\"wp-element-caption\">The Private Enforcement Panel with Gerhard Klumpe (LG Dortmund), Zsuzsa Cserhalmi (Private Enforcement Unit, European Commission), Christian Kersting (HHU), and moderator Tim Reher (CMS Hamburg). Photo: Moritz Pottek.<\/figcaption><\/figure>\n\n\n\n<p>From D\u00fcsseldorf&#8217;s perspective, the panel on private enforcement was top-class: <em>Gerhard Klumpe <\/em>and <em>Christian Kersting<\/em>, two D\u00fcsseldorf antitrust legends, discussed the rapid developments in private antitrust enforcement in Europe with <em>Zsuzsa Cserhalmi <\/em>from the Commission.<\/p>\n\n\n\n<p>There was initial agreement that private enforcement is a <strong>booming <\/strong>business. The number of cases is rising significantly in many Member States. However, <em>Klumpe <\/em>urged caution, saying that the development is highly fragmented and fragile in some areas. The tension between private and public enforcement, which could become even more significant in the future, was also highlighted.<\/p>\n\n\n\n<p><em>Cserhalmi <\/em>referred to more than 10,000 damages decisions across Europe \u2013 a clear success for the Damages Directive. At the same time, there were considerable differences between Member States: while countries such as Germany, the Netherlands and Spain are &#8220;giants&#8221; in this field, others have virtually no cases.<\/p>\n\n\n\n<p>According to Klumpe, the biggest challenge is still the <strong>quantification <\/strong>of damages. Judges are massively overburdened, given the volume of proceedings. His urgent appeal to practitioners: &#8220;Have mercy!&#8221; \u2013 please no 500-page briefs shortly before the oral hearing. From the floor, moderator <em>Tim Reher <\/em>(CMS Hamburg) spontaneously responded: &#8220;Wish is granted.&#8221;<\/p>\n\n\n\n<p>Looking ahead, Kersting identified <strong>three key developments<\/strong>: Firstly, the CJEU ruling in &#8220;Nissan Iberia&#8221; on the limitation period based on knowledge \u2013 a significant step for private enforcement. Secondly, the question of the recoverability of cartel fines, which, in his view, is required under European law. Thirdly, the as yet unresolved question of whether cartel damages give rise to a uniform claim for damages or whether there are several legally independent claims.<\/p>\n\n\n\n<p>Kersting argued \u2013 once again \u2013 for genuine <strong>collective enforcement <\/strong>and for his model of leniency privileges in internal relations. Klumpe described the possibility of a uniform claim for damages for cartel damages as a &#8220;game changer&#8221; for the courts. <em>Cserhalmi <\/em>remained very pragmatic and, above all, called for more resources for the judiciary.<\/p>\n\n\n\n<p>Finally, the question of <strong>liability allocation among joint and several debtors <\/strong>was discussed \u2013 the perfect cue for <em>Kersting<\/em> to casually refer to his article on liability allocation, which was nominated for the Antitrust Writing Awards (<a href=\"https:\/\/awards.concurrences.com\/IMG\/pdf\/kersting_2025_gclr_issue_3_offprint.pdf\" target=\"_blank\" rel=\"noreferrer noopener\">18 G.C.L.R., Issue 3, pp. 79-89<\/a>).<\/p>\n\n\n\n<h2 class=\"wp-block-heading\">How expensive is it to delete a WhatsApp message?<\/h2>\n\n\n\n<p>Throughout the day, there were practical insights that you should not miss out on:<\/p>\n\n\n\n<ul class=\"wp-block-list\">\n<li>The panel on <strong>abuse of dominance <\/strong>(including <em>Am\u00e9lie Lavenir <\/em>from LVMH) focused on the topic of legal certainty. Even after the draft guidelines, what is meant by the term &#8220;competition on the merits&#8221; remains a mystery. No one can say what market-dominating companies are actually allowed to do. The length of proceedings was also discussed: &#8220;No one wants to see 14 years of investigations,&#8221; concluded <em>Alvaro Ramos <\/em>from Qualcomm.<\/li>\n\n\n\n<li>The case files are getting thicker and thicker. On average, the Commission has 15,000 documents per file, said <em>Murat Duman <\/em>(CMS), and redacting files before they are made available takes an average of 2,000 hours per case. The excessive collection of data through &#8220;remote inspections&#8221; must be prevented. There is therefore a need for reform of<strong> Regulation 1\/2003<\/strong>.<\/li>\n\n\n\n<li>The EU is considering passing new regulation that could address unilateral export restrictions (<strong>territorial supply constraints <\/strong>\u2013 from Mondelez with love) as an obstacle to the internal market, even below the dominance threshold. Such a regulation was recently introduced in Switzerland and is currently being tested there, according to <em>Marquard Christen <\/em>(CMS Zurich) and <em>Michael Bauer <\/em>(CMS Brussels).<\/li>\n\n\n\n<li>In recent years, the CJEU and the General Court have increasingly declared <strong>dawn raids <\/strong>invalid because they were carried out on the basis of insufficient evidence. <em>Aida Oviedo <\/em>and <em>Peter Giese <\/em>(CMS) concluded: &#8220;It&#8217;s always worth appealing.&#8221; However, during the inspection, one should cooperate fully, unlike in the International Flavours &amp; Fragrances case. A senior executive had quickly deleted a WhatsApp message, which cost the company dearly: a fine of almost \u20ac16 million for obstructing the investigation.<\/li>\n\n\n\n<li>The reform of the<strong> Foreign Direct Investment <\/strong>Screening Regulation will not bring definitive clarity for companies of strategic relevance: there will continue to be significant differences between member states in terms of FDI screening. At least, that was the tenor of a session with <em>Kai Neuhaus<\/em>, <em>Aiste Sleseviciute <\/em>(DG Trade) and <em>Alysson Havard <\/em>(Belgian Interfederal Screening Committee).<\/li>\n\n\n\n<li><strong>Foreign Subsidies Control <\/strong>is intended to curb market distortions caused by foreign-subsidised companies. However, <em>Bj\u00f6rn Herbers, Virginie Dor <\/em>and <em>J\u00f6rn Eickhoff <\/em>(Siemens Energy) suspect that there will be more bureaucracy in M&amp;A business. The low thresholds in the regulation were particularly criticised. It cannot be right that &#8220;every pen&#8221; has to be registered. The term &#8220;foreign financial contribution&#8221; is far too broad.<\/li>\n<\/ul>\n\n\n\n<h2 class=\"wp-block-heading\">Digital Regulation on Cloud Nine<\/h2>\n\n\n\n<figure class=\"wp-block-image size-large\"><img loading=\"lazy\" decoding=\"async\" width=\"1024\" height=\"681\" src=\"https:\/\/www.d-kart.de\/wp-content\/uploads\/2026\/01\/CMS_Conf26_6-1024x681.jpg\" alt=\"\" class=\"wp-image-11365\" srcset=\"https:\/\/www.d-kart.de\/wp-content\/uploads\/2026\/01\/CMS_Conf26_6-1024x681.jpg 1024w, https:\/\/www.d-kart.de\/wp-content\/uploads\/2026\/01\/CMS_Conf26_6-300x199.jpg 300w, https:\/\/www.d-kart.de\/wp-content\/uploads\/2026\/01\/CMS_Conf26_6-768x511.jpg 768w, https:\/\/www.d-kart.de\/wp-content\/uploads\/2026\/01\/CMS_Conf26_6-1536x1021.jpg 1536w, https:\/\/www.d-kart.de\/wp-content\/uploads\/2026\/01\/CMS_Conf26_6-2048x1362.jpg 2048w, https:\/\/www.d-kart.de\/wp-content\/uploads\/2026\/01\/CMS_Conf26_6-440x293.jpg 440w, https:\/\/www.d-kart.de\/wp-content\/uploads\/2026\/01\/CMS_Conf26_6-406x270.jpg 406w, https:\/\/www.d-kart.de\/wp-content\/uploads\/2026\/01\/CMS_Conf26_6-1320x878.jpg 1320w\" sizes=\"auto, (max-width: 1024px) 100vw, 1024px\" \/><figcaption class=\"wp-element-caption\">Competition law in digital markets was discussed by Elodie Vandenhende (Autorit\u00e9 de la Concurrence), Mathias Traub (Bosch) and Nicholas Banasevic (Microsoft), with questions from Szabolcs Szendro (CMS Budapest) and Bj\u00f6rn Herbers (CMS Brussels). Photo: Moritz Pottek.<\/figcaption><\/figure>\n\n\n\n<p>European digital regulation has admirers, such as Microsoft, which <em>Nicholas Banasevic <\/em>has named an &#8220;exemplary gatekeeper&#8221;. He should know, after all, he worked at DG COMP until 2021 and was involved in drafting the DMA. He now works for Microsoft. The company expressly welcomes European digital regulation, saying it brings clarity and predictability.<\/p>\n\n\n\n<p>Microsoft, the compliance role model? That could change soon if the cloud business Microsoft Azure is designated under the DMA. This also seemed to worry <em>Banasevic<\/em>: &#8220;We should remember what the DMA is for and what not&#8221; \u2013 for Microsoft, the cloud probably falls under &#8220;not&#8221;, because, unlike <em>Andreas Mundt<\/em>, <em>Banasevic<\/em> believed that the cloud market was &#8220;quite competitive&#8221; and, as a classic input market, not suitable for platform regulation.<\/p>\n\n\n\n<p><em>Mathias Traub <\/em>from Bosch also likes the DMA, and he had no doubt that the cloud should be on the agenda of competition authorities. Bosch is grateful for the DMA and benefits from its application. In his view, greater involvement of market participants in decision-making would be desirable.<\/p>\n\n\n\n<p><em>Elodie Vandenhende <\/em>(Autorit\u00e9 de la Concurrence) wanted to see faster enforcement of competition law, including through interim injunctions, and an expansion of her Digital Economy Unit to improve understanding of technical innovations. Some aspects of her GenAI sector inquiry (2024) were already outdated, but they were conducting further studies &#8220;to come back and catch up&#8221;.<\/p>\n\n\n\n<h2 class=\"wp-block-heading\">Closing Ceremony and Conference dinner: Heine and Hogwarts<\/h2>\n\n\n\n<figure class=\"wp-block-image size-large\"><img loading=\"lazy\" decoding=\"async\" width=\"1024\" height=\"768\" src=\"https:\/\/www.d-kart.de\/wp-content\/uploads\/2026\/01\/CMS_Conf26_7-1024x768.jpg\" alt=\"\" class=\"wp-image-11366\" srcset=\"https:\/\/www.d-kart.de\/wp-content\/uploads\/2026\/01\/CMS_Conf26_7-1024x768.jpg 1024w, https:\/\/www.d-kart.de\/wp-content\/uploads\/2026\/01\/CMS_Conf26_7-300x225.jpg 300w, https:\/\/www.d-kart.de\/wp-content\/uploads\/2026\/01\/CMS_Conf26_7-768x576.jpg 768w, https:\/\/www.d-kart.de\/wp-content\/uploads\/2026\/01\/CMS_Conf26_7-1536x1152.jpg 1536w, https:\/\/www.d-kart.de\/wp-content\/uploads\/2026\/01\/CMS_Conf26_7-440x330.jpg 440w, https:\/\/www.d-kart.de\/wp-content\/uploads\/2026\/01\/CMS_Conf26_7-360x270.jpg 360w, https:\/\/www.d-kart.de\/wp-content\/uploads\/2026\/01\/CMS_Conf26_7-1320x990.jpg 1320w, https:\/\/www.d-kart.de\/wp-content\/uploads\/2026\/01\/CMS_Conf26_7.jpg 2048w\" sizes=\"auto, (max-width: 1024px) 100vw, 1024px\" \/><figcaption class=\"wp-element-caption\">Team HHU in the historic Solvay Library. Not quite the &#8220;<a href=\"https:\/\/rarehistoricalphotos.com\/solvay-conference-probably-intelligent-picture-ever-taken-1927\/\" target=\"_blank\" rel=\"noreferrer noopener\">most intelligent picture<\/a>&#8221; ever taken here, but close!<\/figcaption><\/figure>\n\n\n\n<p>The conference came to a grand finale with dinner at the historic Solvay Library in Brussels. The atmosphere, with its high ceilings, endless bookshelves, and palpable history, was almost magical, evoking associations with Hogwarts. The Harry Potter vibes were justified. During dinner, there was less talk about competition than there was whispering about the fact that <em>Chris Watson<\/em>&#8216;s main job is actually being the father of Hermione Granger (or more precisely, her actress <em>Emma Watson<\/em>). (He also works part-time as a partner at CMS in London.)&nbsp;<\/p>\n\n\n\n<p>In his dinner speech, <em>Michael Bauer <\/em>praised Heinrich Heine University D\u00fcsseldorf as one of Europe&#8217;s leading educational institutions for <s>magic <\/s>competition law. We were happy to hear it.<\/p>\n\n\n\n<p>Brussels and D\u00fcsseldorf, practice and academia \u2013 or in short: Br\u00fcsseldorf. The EU Competition Conference is a prime example of the living connection between practice and academia. We are already looking forward to the next alarm clock ringing at four in the morning and the trip on the Hogwarts Express \u2013 pardon, the Eurostar \u2013 to Brussels!<\/p>\n\n\n\n<div class=\"wp-block-columns is-layout-flex wp-container-core-columns-is-layout-1 wp-block-columns-is-layout-flex\">\n<div class=\"wp-block-column is-layout-flow wp-block-column-is-layout-flow\">\n<figure class=\"wp-block-image size-large\"><img loading=\"lazy\" decoding=\"async\" width=\"768\" height=\"1024\" src=\"https:\/\/www.d-kart.de\/wp-content\/uploads\/2026\/01\/KD-Autor-edited-768x1024.jpg\" alt=\"\" class=\"wp-image-11338\" srcset=\"https:\/\/www.d-kart.de\/wp-content\/uploads\/2026\/01\/KD-Autor-edited-768x1025.jpg 768w, https:\/\/www.d-kart.de\/wp-content\/uploads\/2026\/01\/KD-Autor-edited-225x300.jpg 225w, https:\/\/www.d-kart.de\/wp-content\/uploads\/2026\/01\/KD-Autor-edited-1151x1536.jpg 1151w, https:\/\/www.d-kart.de\/wp-content\/uploads\/2026\/01\/KD-Autor-edited-440x587.jpg 440w, https:\/\/www.d-kart.de\/wp-content\/uploads\/2026\/01\/KD-Autor-edited-202x270.jpg 202w, https:\/\/www.d-kart.de\/wp-content\/uploads\/2026\/01\/KD-Autor-edited-1320x1761.jpg 1320w, https:\/\/www.d-kart.de\/wp-content\/uploads\/2026\/01\/KD-Autor-edited.jpg 1365w\" sizes=\"auto, (max-width: 768px) 100vw, 768px\" \/><\/figure>\n<\/div>\n\n\n\n<div class=\"wp-block-column is-layout-flow wp-block-column-is-layout-flow\">\n<figure class=\"wp-block-image size-full\"><img loading=\"lazy\" decoding=\"async\" width=\"427\" height=\"569\" src=\"https:\/\/www.d-kart.de\/wp-content\/uploads\/2026\/01\/CMS_Conf26_Sofia-edited.jpg\" alt=\"\" class=\"wp-image-11388\" srcset=\"https:\/\/www.d-kart.de\/wp-content\/uploads\/2026\/01\/CMS_Conf26_Sofia-edited.jpg 427w, https:\/\/www.d-kart.de\/wp-content\/uploads\/2026\/01\/CMS_Conf26_Sofia-edited-225x300.jpg 225w, https:\/\/www.d-kart.de\/wp-content\/uploads\/2026\/01\/CMS_Conf26_Sofia-edited-203x270.jpg 203w\" sizes=\"auto, (max-width: 427px) 100vw, 427px\" \/><\/figure>\n<\/div>\n\n\n\n<div class=\"wp-block-column is-layout-flow wp-block-column-is-layout-flow\">\n<figure class=\"wp-block-image size-large\"><img loading=\"lazy\" decoding=\"async\" width=\"767\" height=\"1024\" src=\"https:\/\/www.d-kart.de\/wp-content\/uploads\/2026\/01\/Steinert_Foto-767x1024.jpeg\" alt=\"\" class=\"wp-image-11337\" srcset=\"https:\/\/www.d-kart.de\/wp-content\/uploads\/2026\/01\/Steinert_Foto-767x1024.jpeg 767w, https:\/\/www.d-kart.de\/wp-content\/uploads\/2026\/01\/Steinert_Foto-225x300.jpeg 225w, https:\/\/www.d-kart.de\/wp-content\/uploads\/2026\/01\/Steinert_Foto-768x1025.jpeg 768w, https:\/\/www.d-kart.de\/wp-content\/uploads\/2026\/01\/Steinert_Foto-440x587.jpeg 440w, https:\/\/www.d-kart.de\/wp-content\/uploads\/2026\/01\/Steinert_Foto-202x270.jpeg 202w, https:\/\/www.d-kart.de\/wp-content\/uploads\/2026\/01\/Steinert_Foto.jpeg 1080w\" sizes=\"auto, (max-width: 767px) 100vw, 767px\" \/><\/figure>\n<\/div>\n<\/div>\n\n\n\n<p><em>Klara Dresselhaus, Sofia Schulz and Sebastian Steinert are doctoral students at the Institute for Antitrust Law at Heinrich Heine University D\u00fcsseldorf.<\/em><\/p>\n\n\n\n<p><em>Feel free to recommend the D\u2019Kart blog to your colleagues! If you don\u2019t want to miss any posts on our D\u2019Kart blog, <a href=\"https:\/\/www.d-kart.de\/newsletter\/\" target=\"_blank\" rel=\"noreferrer noopener\">subscribe to our newsletter here<\/a>.<\/em><\/p>\n","protected":false},"excerpt":{"rendered":"<p>Those travelling to Brussels on 20 January 2026 did not dream of Belgian confectionery, but competition. It was time once again for the EU Competition Conference, jointly organised by the Institute for Competition Law at Heinrich Heine University and the law firm CMS. High-ranking representatives from practice, authorities and academia all turned out for the conference. Right in the thick of it: our doctoral students from D\u00fcsseldorf \u2013 Klara Dresselhaus, Sofia Schulz and Sebastian Steinert report for D&#8217;Kart. A Day&#8230;<\/p>\n<p class=\"read-more\"><a class=\"btn btn-default\" href=\"https:\/\/www.d-kart.de\/en\/blog\/2026\/01\/26\/conference-debriefing-48-eu-competition-conference-2026\/\"> Read More<span class=\"screen-reader-text\">  Read More<\/span><\/a><\/p>\n","protected":false},"author":9,"featured_media":11367,"comment_status":"open","ping_status":"open","sticky":false,"template":"","format":"standard","meta":{"footnotes":""},"categories":[253],"tags":[132],"class_list":["post-11331","post","type-post","status-publish","format-standard","has-post-thumbnail","hentry","category-conference-debriefings","tag-conference-debriefing"],"translation":{"provider":"WPGlobus","version":"3.0.0","language":"en","enabled_languages":["de","en"],"languages":{"de":{"title":true,"content":true,"excerpt":false},"en":{"title":true,"content":true,"excerpt":false}}},"_links":{"self":[{"href":"https:\/\/www.d-kart.de\/en\/wp-json\/wp\/v2\/posts\/11331","targetHints":{"allow":["GET"]}}],"collection":[{"href":"https:\/\/www.d-kart.de\/en\/wp-json\/wp\/v2\/posts"}],"about":[{"href":"https:\/\/www.d-kart.de\/en\/wp-json\/wp\/v2\/types\/post"}],"author":[{"embeddable":true,"href":"https:\/\/www.d-kart.de\/en\/wp-json\/wp\/v2\/users\/9"}],"replies":[{"embeddable":true,"href":"https:\/\/www.d-kart.de\/en\/wp-json\/wp\/v2\/comments?post=11331"}],"version-history":[{"count":42,"href":"https:\/\/www.d-kart.de\/en\/wp-json\/wp\/v2\/posts\/11331\/revisions"}],"predecessor-version":[{"id":11407,"href":"https:\/\/www.d-kart.de\/en\/wp-json\/wp\/v2\/posts\/11331\/revisions\/11407"}],"wp:featuredmedia":[{"embeddable":true,"href":"https:\/\/www.d-kart.de\/en\/wp-json\/wp\/v2\/media\/11367"}],"wp:attachment":[{"href":"https:\/\/www.d-kart.de\/en\/wp-json\/wp\/v2\/media?parent=11331"}],"wp:term":[{"taxonomy":"category","embeddable":true,"href":"https:\/\/www.d-kart.de\/en\/wp-json\/wp\/v2\/categories?post=11331"},{"taxonomy":"post_tag","embeddable":true,"href":"https:\/\/www.d-kart.de\/en\/wp-json\/wp\/v2\/tags?post=11331"}],"curies":[{"name":"wp","href":"https:\/\/api.w.org\/{rel}","templated":true}]}}